{"id":233920,"date":"2023-01-21T20:16:02","date_gmt":"2023-01-22T01:16:02","guid":{"rendered":"https:\/\/reddeportiva.net\/principal\/?p=233920"},"modified":"2023-01-21T20:16:05","modified_gmt":"2023-01-22T01:16:05","slug":"como-afectara-la-ralentizacion-de-la-economia-china-a-america-latina","status":"publish","type":"post","link":"https:\/\/reddeportiva.net\/principal\/?p=233920","title":{"rendered":"\u00bfC\u00f3mo afectar\u00e1 la ralentizaci\u00f3n de la econom\u00eda china a Am\u00e9rica Latina?"},"content":{"rendered":"\n<figure class=\"wp-block-embed is-type-video is-provider-youtube wp-block-embed-youtube wp-embed-aspect-16-9 wp-has-aspect-ratio\"><div class=\"wp-block-embed__wrapper\">\n<iframe loading=\"lazy\" title=\"\u00bfC\u00f3mo afectar\u00e1 la ralentizaci\u00f3n de la econom\u00eda china a Am\u00e9rica Latina?\" width=\"625\" height=\"352\" src=\"https:\/\/www.youtube.com\/embed\/z2zYP-luwqY?feature=oembed\" frameborder=\"0\" allow=\"accelerometer; autoplay; clipboard-write; encrypted-media; gyroscope; picture-in-picture; web-share\" referrerpolicy=\"strict-origin-when-cross-origin\" allowfullscreen><\/iframe>\n<\/div><\/figure>\n","protected":false},"excerpt":{"rendered":"","protected":false},"author":1,"featured_media":0,"comment_status":"closed","ping_status":"closed","sticky":false,"template":"","format":"standard","meta":{"_exactmetrics_skip_tracking":false,"_exactmetrics_sitenote_active":false,"_exactmetrics_sitenote_note":"","_exactmetrics_sitenote_category":0,"ngg_post_thumbnail":0,"footnotes":""},"categories":[1357,1365,1202,1417,1377,1358,1293,1223,1291,1353,1404,779,36],"tags":[],"class_list":["post-233920","post","type-post","status-publish","format-standard","hentry","category-alemania-proyecciones-multilateralismo","category-china-organizacion-multilateralismo-proyecciones","category-geopolitica-proyecciones","category-global-britain","category-india","category-indo-pacific","category-mundo-laboral","category-mundo-politico","category-organizacion-internacional-proyecciones","category-organizacion-multilateralismo-proyecciones","category-poderes-mundiales","category-proyecciones","category-reddeportiva-net"],"_links":{"self":[{"href":"https:\/\/reddeportiva.net\/principal\/index.php?rest_route=\/wp\/v2\/posts\/233920","targetHints":{"allow":["GET"]}}],"collection":[{"href":"https:\/\/reddeportiva.net\/principal\/index.php?rest_route=\/wp\/v2\/posts"}],"about":[{"href":"https:\/\/reddeportiva.net\/principal\/index.php?rest_route=\/wp\/v2\/types\/post"}],"author":[{"embeddable":true,"href":"https:\/\/reddeportiva.net\/principal\/index.php?rest_route=\/wp\/v2\/users\/1"}],"replies":[{"embeddable":true,"href":"https:\/\/reddeportiva.net\/principal\/index.php?rest_route=%2Fwp%2Fv2%2Fcomments&post=233920"}],"version-history":[{"count":1,"href":"https:\/\/reddeportiva.net\/principal\/index.php?rest_route=\/wp\/v2\/posts\/233920\/revisions"}],"predecessor-version":[{"id":233921,"href":"https:\/\/reddeportiva.net\/principal\/index.php?rest_route=\/wp\/v2\/posts\/233920\/revisions\/233921"}],"wp:attachment":[{"href":"https:\/\/reddeportiva.net\/principal\/index.php?rest_route=%2Fwp%2Fv2%2Fmedia&parent=233920"}],"wp:term":[{"taxonomy":"category","embeddable":true,"href":"https:\/\/reddeportiva.net\/principal\/index.php?rest_route=%2Fwp%2Fv2%2Fcategories&post=233920"},{"taxonomy":"post_tag","embeddable":true,"href":"https:\/\/reddeportiva.net\/principal\/index.php?rest_route=%2Fwp%2Fv2%2Ftags&post=233920"}],"curies":[{"name":"wp","href":"https:\/\/api.w.org\/{rel}","templated":true}]}}