{"id":233385,"date":"2022-12-23T12:28:55","date_gmt":"2022-12-23T17:28:55","guid":{"rendered":"https:\/\/reddeportiva.net\/principal\/?p=233385"},"modified":"2022-12-23T12:28:59","modified_gmt":"2022-12-23T17:28:59","slug":"el-coste-economico-de-la-crisis-politica-en-peru","status":"publish","type":"post","link":"https:\/\/reddeportiva.net\/principal\/?p=233385","title":{"rendered":"El coste econ\u00f3mico de la crisis pol\u00edtica en Per\u00fa"},"content":{"rendered":"\n<figure class=\"wp-block-embed is-type-video is-provider-youtube wp-block-embed-youtube wp-embed-aspect-16-9 wp-has-aspect-ratio\"><div class=\"wp-block-embed__wrapper\">\n<iframe loading=\"lazy\" title=\"El coste econ\u00f3mico de la crisis pol\u00edtica en Per\u00fa\" width=\"625\" height=\"352\" src=\"https:\/\/www.youtube.com\/embed\/u5xtPNuqkZ0?feature=oembed\" frameborder=\"0\" allow=\"accelerometer; autoplay; clipboard-write; encrypted-media; gyroscope; picture-in-picture; web-share\" referrerpolicy=\"strict-origin-when-cross-origin\" allowfullscreen><\/iframe>\n<\/div><\/figure>\n","protected":false},"excerpt":{"rendered":"","protected":false},"author":1,"featured_media":0,"comment_status":"closed","ping_status":"closed","sticky":false,"template":"","format":"standard","meta":{"_exactmetrics_skip_tracking":false,"_exactmetrics_sitenote_active":false,"_exactmetrics_sitenote_note":"","_exactmetrics_sitenote_category":0,"ngg_post_thumbnail":0,"footnotes":""},"categories":[1278,1327,1408,1282,1236,1371,1293,1223,1446,1280,36,1374,1373,1384,1381,1389],"tags":[],"class_list":["post-233385","post","type-post","status-publish","format-standard","hentry","category-accion-politica-proyecciones","category-bcr-peru","category-ciclo-economico","category-control-proyecciones","category-impuestos","category-incorporando","category-mundo-laboral","category-mundo-politico","category-presupuestal","category-presupuestos-finanzas","category-reddeportiva-net","category-reforma-de-la-economia","category-reforma-del-comercio","category-riesgos-y-vulnerabilidades","category-seguridad-social","category-tasas-de-interes-finanzas"],"_links":{"self":[{"href":"https:\/\/reddeportiva.net\/principal\/index.php?rest_route=\/wp\/v2\/posts\/233385","targetHints":{"allow":["GET"]}}],"collection":[{"href":"https:\/\/reddeportiva.net\/principal\/index.php?rest_route=\/wp\/v2\/posts"}],"about":[{"href":"https:\/\/reddeportiva.net\/principal\/index.php?rest_route=\/wp\/v2\/types\/post"}],"author":[{"embeddable":true,"href":"https:\/\/reddeportiva.net\/principal\/index.php?rest_route=\/wp\/v2\/users\/1"}],"replies":[{"embeddable":true,"href":"https:\/\/reddeportiva.net\/principal\/index.php?rest_route=%2Fwp%2Fv2%2Fcomments&post=233385"}],"version-history":[{"count":1,"href":"https:\/\/reddeportiva.net\/principal\/index.php?rest_route=\/wp\/v2\/posts\/233385\/revisions"}],"predecessor-version":[{"id":233386,"href":"https:\/\/reddeportiva.net\/principal\/index.php?rest_route=\/wp\/v2\/posts\/233385\/revisions\/233386"}],"wp:attachment":[{"href":"https:\/\/reddeportiva.net\/principal\/index.php?rest_route=%2Fwp%2Fv2%2Fmedia&parent=233385"}],"wp:term":[{"taxonomy":"category","embeddable":true,"href":"https:\/\/reddeportiva.net\/principal\/index.php?rest_route=%2Fwp%2Fv2%2Fcategories&post=233385"},{"taxonomy":"post_tag","embeddable":true,"href":"https:\/\/reddeportiva.net\/principal\/index.php?rest_route=%2Fwp%2Fv2%2Ftags&post=233385"}],"curies":[{"name":"wp","href":"https:\/\/api.w.org\/{rel}","templated":true}]}}