{"id":233237,"date":"2022-12-19T08:00:17","date_gmt":"2022-12-19T13:00:17","guid":{"rendered":"https:\/\/reddeportiva.net\/principal\/?p=233237"},"modified":"2022-12-19T08:00:20","modified_gmt":"2022-12-19T13:00:20","slug":"el-precio-de-la-guerra-lastrara-la-economia-mundial-en-2023-segun-la-ocde","status":"publish","type":"post","link":"https:\/\/reddeportiva.net\/principal\/?p=233237","title":{"rendered":"El \u2018precio de la guerra\u2019 lastrar\u00e1 la ECONOM\u00cdA MUNDIAL en 2023, seg\u00fan la OCDE"},"content":{"rendered":"\n<figure class=\"wp-block-embed is-type-video is-provider-youtube wp-block-embed-youtube wp-embed-aspect-16-9 wp-has-aspect-ratio\"><div class=\"wp-block-embed__wrapper\">\n<iframe loading=\"lazy\" title=\"El \u2018precio de la guerra\u2019 lastrar\u00e1 la ECONOM\u00cdA MUNDIAL en 2023, seg\u00fan la OCDE\" width=\"625\" height=\"352\" src=\"https:\/\/www.youtube.com\/embed\/7E7A4I8rPuI?feature=oembed\" frameborder=\"0\" allow=\"accelerometer; autoplay; clipboard-write; encrypted-media; gyroscope; picture-in-picture; web-share\" referrerpolicy=\"strict-origin-when-cross-origin\" allowfullscreen><\/iframe>\n<\/div><\/figure>\n","protected":false},"excerpt":{"rendered":"","protected":false},"author":1,"featured_media":0,"comment_status":"closed","ping_status":"closed","sticky":false,"template":"","format":"standard","meta":{"_exactmetrics_skip_tracking":false,"_exactmetrics_sitenote_active":false,"_exactmetrics_sitenote_note":"","_exactmetrics_sitenote_category":0,"ngg_post_thumbnail":0,"footnotes":""},"categories":[1357,1327,1365,1255,1202,1377,1358,1293,1223,1409,1353,1404,1280,36,1356,1389],"tags":[],"class_list":["post-233237","post","type-post","status-publish","format-standard","hentry","category-alemania-proyecciones-multilateralismo","category-bcr-peru","category-china-organizacion-multilateralismo-proyecciones","category-divisas-finanzas","category-geopolitica-proyecciones","category-india","category-indo-pacific","category-mundo-laboral","category-mundo-politico","category-ocde","category-organizacion-multilateralismo-proyecciones","category-poderes-mundiales","category-presupuestos-finanzas","category-reddeportiva-net","category-rusia-proyecciones-multilateralismo","category-tasas-de-interes-finanzas"],"_links":{"self":[{"href":"https:\/\/reddeportiva.net\/principal\/index.php?rest_route=\/wp\/v2\/posts\/233237","targetHints":{"allow":["GET"]}}],"collection":[{"href":"https:\/\/reddeportiva.net\/principal\/index.php?rest_route=\/wp\/v2\/posts"}],"about":[{"href":"https:\/\/reddeportiva.net\/principal\/index.php?rest_route=\/wp\/v2\/types\/post"}],"author":[{"embeddable":true,"href":"https:\/\/reddeportiva.net\/principal\/index.php?rest_route=\/wp\/v2\/users\/1"}],"replies":[{"embeddable":true,"href":"https:\/\/reddeportiva.net\/principal\/index.php?rest_route=%2Fwp%2Fv2%2Fcomments&post=233237"}],"version-history":[{"count":1,"href":"https:\/\/reddeportiva.net\/principal\/index.php?rest_route=\/wp\/v2\/posts\/233237\/revisions"}],"predecessor-version":[{"id":233238,"href":"https:\/\/reddeportiva.net\/principal\/index.php?rest_route=\/wp\/v2\/posts\/233237\/revisions\/233238"}],"wp:attachment":[{"href":"https:\/\/reddeportiva.net\/principal\/index.php?rest_route=%2Fwp%2Fv2%2Fmedia&parent=233237"}],"wp:term":[{"taxonomy":"category","embeddable":true,"href":"https:\/\/reddeportiva.net\/principal\/index.php?rest_route=%2Fwp%2Fv2%2Fcategories&post=233237"},{"taxonomy":"post_tag","embeddable":true,"href":"https:\/\/reddeportiva.net\/principal\/index.php?rest_route=%2Fwp%2Fv2%2Ftags&post=233237"}],"curies":[{"name":"wp","href":"https:\/\/api.w.org\/{rel}","templated":true}]}}