{"id":232797,"date":"2022-12-11T19:33:57","date_gmt":"2022-12-12T00:33:57","guid":{"rendered":"https:\/\/reddeportiva.net\/principal\/?p=232797"},"modified":"2022-12-11T19:34:01","modified_gmt":"2022-12-12T00:34:01","slug":"el-corredor-bioceanico-que-revolucionara-sudamerica-historia-geopoliticarutas","status":"publish","type":"post","link":"https:\/\/reddeportiva.net\/principal\/?p=232797","title":{"rendered":"El Corredor Bioce\u00e1nico que revolucionar\u00e1 Sudam\u00e9rica | Historia Geopol\u00edticarutas"},"content":{"rendered":"\n<figure class=\"wp-block-embed is-type-video is-provider-youtube wp-block-embed-youtube wp-embed-aspect-16-9 wp-has-aspect-ratio\"><div class=\"wp-block-embed__wrapper\">\n<iframe loading=\"lazy\" title=\"El Corredor Bioce\u00e1nico que revolucionar\u00e1 Sudam\u00e9rica | Historia Geopol\u00edtica\" width=\"625\" height=\"352\" src=\"https:\/\/www.youtube.com\/embed\/oiCJL0U03r4?feature=oembed\" frameborder=\"0\" allow=\"accelerometer; autoplay; clipboard-write; encrypted-media; gyroscope; picture-in-picture; web-share\" referrerpolicy=\"strict-origin-when-cross-origin\" allowfullscreen><\/iframe>\n<\/div><\/figure>\n","protected":false},"excerpt":{"rendered":"","protected":false},"author":1,"featured_media":0,"comment_status":"closed","ping_status":"closed","sticky":false,"template":"","format":"standard","meta":{"_exactmetrics_skip_tracking":false,"_exactmetrics_sitenote_active":false,"_exactmetrics_sitenote_note":"","_exactmetrics_sitenote_category":0,"ngg_post_thumbnail":0,"footnotes":""},"categories":[1365,1202,1297,1220,1293,1223,1404,779,871,36,1336],"tags":[],"class_list":["post-232797","post","type-post","status-publish","format-standard","hentry","category-china-organizacion-multilateralismo-proyecciones","category-geopolitica-proyecciones","category-infraestructura-transporte-proyecciones","category-mundo-del-diseno","category-mundo-laboral","category-mundo-politico","category-poderes-mundiales","category-proyecciones","category-proyecciones-rutas-de-comercio","category-reddeportiva-net","category-transporte"],"_links":{"self":[{"href":"https:\/\/reddeportiva.net\/principal\/index.php?rest_route=\/wp\/v2\/posts\/232797","targetHints":{"allow":["GET"]}}],"collection":[{"href":"https:\/\/reddeportiva.net\/principal\/index.php?rest_route=\/wp\/v2\/posts"}],"about":[{"href":"https:\/\/reddeportiva.net\/principal\/index.php?rest_route=\/wp\/v2\/types\/post"}],"author":[{"embeddable":true,"href":"https:\/\/reddeportiva.net\/principal\/index.php?rest_route=\/wp\/v2\/users\/1"}],"replies":[{"embeddable":true,"href":"https:\/\/reddeportiva.net\/principal\/index.php?rest_route=%2Fwp%2Fv2%2Fcomments&post=232797"}],"version-history":[{"count":1,"href":"https:\/\/reddeportiva.net\/principal\/index.php?rest_route=\/wp\/v2\/posts\/232797\/revisions"}],"predecessor-version":[{"id":232798,"href":"https:\/\/reddeportiva.net\/principal\/index.php?rest_route=\/wp\/v2\/posts\/232797\/revisions\/232798"}],"wp:attachment":[{"href":"https:\/\/reddeportiva.net\/principal\/index.php?rest_route=%2Fwp%2Fv2%2Fmedia&parent=232797"}],"wp:term":[{"taxonomy":"category","embeddable":true,"href":"https:\/\/reddeportiva.net\/principal\/index.php?rest_route=%2Fwp%2Fv2%2Fcategories&post=232797"},{"taxonomy":"post_tag","embeddable":true,"href":"https:\/\/reddeportiva.net\/principal\/index.php?rest_route=%2Fwp%2Fv2%2Ftags&post=232797"}],"curies":[{"name":"wp","href":"https:\/\/api.w.org\/{rel}","templated":true}]}}