{"id":232768,"date":"2022-12-10T17:41:44","date_gmt":"2022-12-10T22:41:44","guid":{"rendered":"https:\/\/reddeportiva.net\/principal\/?p=232768"},"modified":"2022-12-10T17:41:47","modified_gmt":"2022-12-10T22:41:47","slug":"la-economia-de-peru-se-ha-blindado-ante-la-inestabilidad-politica-como-lo-ha-logrado","status":"publish","type":"post","link":"https:\/\/reddeportiva.net\/principal\/?p=232768","title":{"rendered":"La econom\u00eda de Per\u00fa se ha blindado ante la inestabilidad pol\u00edtica, \u00bfc\u00f3mo lo ha logrado?"},"content":{"rendered":"\n<figure class=\"wp-block-embed is-type-video is-provider-youtube wp-block-embed-youtube wp-embed-aspect-16-9 wp-has-aspect-ratio\"><div class=\"wp-block-embed__wrapper\">\n<iframe loading=\"lazy\" title=\"La econom\u00eda de Per\u00fa se ha blindado ante la inestabilidad pol\u00edtica, \u00bfc\u00f3mo lo ha logrado?\" width=\"625\" height=\"352\" src=\"https:\/\/www.youtube.com\/embed\/1E7zEXDQEhQ?feature=oembed\" frameborder=\"0\" allow=\"accelerometer; autoplay; clipboard-write; encrypted-media; gyroscope; picture-in-picture; web-share\" referrerpolicy=\"strict-origin-when-cross-origin\" allowfullscreen><\/iframe>\n<\/div><\/figure>\n","protected":false},"excerpt":{"rendered":"","protected":false},"author":1,"featured_media":0,"comment_status":"closed","ping_status":"closed","sticky":false,"template":"","format":"standard","meta":{"_exactmetrics_skip_tracking":false,"_exactmetrics_sitenote_active":false,"_exactmetrics_sitenote_note":"","_exactmetrics_sitenote_category":0,"ngg_post_thumbnail":0,"footnotes":""},"categories":[1327,1280,36],"tags":[],"class_list":["post-232768","post","type-post","status-publish","format-standard","hentry","category-bcr-peru","category-presupuestos-finanzas","category-reddeportiva-net"],"_links":{"self":[{"href":"https:\/\/reddeportiva.net\/principal\/index.php?rest_route=\/wp\/v2\/posts\/232768","targetHints":{"allow":["GET"]}}],"collection":[{"href":"https:\/\/reddeportiva.net\/principal\/index.php?rest_route=\/wp\/v2\/posts"}],"about":[{"href":"https:\/\/reddeportiva.net\/principal\/index.php?rest_route=\/wp\/v2\/types\/post"}],"author":[{"embeddable":true,"href":"https:\/\/reddeportiva.net\/principal\/index.php?rest_route=\/wp\/v2\/users\/1"}],"replies":[{"embeddable":true,"href":"https:\/\/reddeportiva.net\/principal\/index.php?rest_route=%2Fwp%2Fv2%2Fcomments&post=232768"}],"version-history":[{"count":1,"href":"https:\/\/reddeportiva.net\/principal\/index.php?rest_route=\/wp\/v2\/posts\/232768\/revisions"}],"predecessor-version":[{"id":232769,"href":"https:\/\/reddeportiva.net\/principal\/index.php?rest_route=\/wp\/v2\/posts\/232768\/revisions\/232769"}],"wp:attachment":[{"href":"https:\/\/reddeportiva.net\/principal\/index.php?rest_route=%2Fwp%2Fv2%2Fmedia&parent=232768"}],"wp:term":[{"taxonomy":"category","embeddable":true,"href":"https:\/\/reddeportiva.net\/principal\/index.php?rest_route=%2Fwp%2Fv2%2Fcategories&post=232768"},{"taxonomy":"post_tag","embeddable":true,"href":"https:\/\/reddeportiva.net\/principal\/index.php?rest_route=%2Fwp%2Fv2%2Ftags&post=232768"}],"curies":[{"name":"wp","href":"https:\/\/api.w.org\/{rel}","templated":true}]}}