{"id":232475,"date":"2022-12-01T07:10:18","date_gmt":"2022-12-01T12:10:18","guid":{"rendered":"https:\/\/reddeportiva.net\/principal\/?p=232475"},"modified":"2023-05-26T16:42:09","modified_gmt":"2023-05-26T21:42:09","slug":"christian-schambaher-jose-luis-fernandez-latorre-no-era-la-persona-idonea-para-manejar-la-dini","status":"publish","type":"post","link":"https:\/\/reddeportiva.net\/principal\/?p=232475","title":{"rendered":"Christian Schambaher: \u201cJos\u00e9 Luis Fern\u00e1ndez Latorre no era la persona id\u00f3nea para manejar la DINI\u201d"},"content":{"rendered":"\n<figure class=\"wp-block-embed is-type-video is-provider-youtube wp-block-embed-youtube wp-embed-aspect-16-9 wp-has-aspect-ratio\"><div class=\"wp-block-embed__wrapper\">\n<iframe loading=\"lazy\" title=\"Christian Schambaher: \u201cJos\u00e9 Luis Fern\u00e1ndez Latorre no era la persona id\u00f3nea para manejar la DINI\u201d\" width=\"625\" height=\"352\" src=\"https:\/\/www.youtube.com\/embed\/TlSiA6x_d6k?feature=oembed\" frameborder=\"0\" allow=\"accelerometer; autoplay; clipboard-write; encrypted-media; gyroscope; picture-in-picture; web-share\" referrerpolicy=\"strict-origin-when-cross-origin\" allowfullscreen><\/iframe>\n<\/div><\/figure>\n","protected":false},"excerpt":{"rendered":"","protected":false},"author":1,"featured_media":0,"comment_status":"closed","ping_status":"closed","sticky":false,"template":"","format":"standard","meta":{"_exactmetrics_skip_tracking":false,"_exactmetrics_sitenote_active":false,"_exactmetrics_sitenote_note":"","_exactmetrics_sitenote_category":0,"ngg_post_thumbnail":0,"footnotes":""},"categories":[1397,1253,1290,1272,1448,1303,1388,1380,1376,1339,1322,1307,1325,1324,1243,1286,1237,1249,1223,1349,36],"tags":[],"class_list":["post-232475","post","type-post","status-publish","format-standard","hentry","category-autoritarismo","category-buenas-practicas","category-cadena-de-valor","category-competencia-leal","category-corrupcion","category-crimen-organizado","category-debido-proceso","category-deficit-de-recursos","category-democracia","category-denuncias","category-desinformacion-mediatica","category-estado-de-derecho","category-excesos-del-poder","category-guerra-mediatica","category-institucionalidad","category-integridad","category-libertades","category-mercadeo-justo","category-mundo-politico","category-primacia-de-la-realidad","category-reddeportiva-net"],"_links":{"self":[{"href":"https:\/\/reddeportiva.net\/principal\/index.php?rest_route=\/wp\/v2\/posts\/232475","targetHints":{"allow":["GET"]}}],"collection":[{"href":"https:\/\/reddeportiva.net\/principal\/index.php?rest_route=\/wp\/v2\/posts"}],"about":[{"href":"https:\/\/reddeportiva.net\/principal\/index.php?rest_route=\/wp\/v2\/types\/post"}],"author":[{"embeddable":true,"href":"https:\/\/reddeportiva.net\/principal\/index.php?rest_route=\/wp\/v2\/users\/1"}],"replies":[{"embeddable":true,"href":"https:\/\/reddeportiva.net\/principal\/index.php?rest_route=%2Fwp%2Fv2%2Fcomments&post=232475"}],"version-history":[{"count":1,"href":"https:\/\/reddeportiva.net\/principal\/index.php?rest_route=\/wp\/v2\/posts\/232475\/revisions"}],"predecessor-version":[{"id":232476,"href":"https:\/\/reddeportiva.net\/principal\/index.php?rest_route=\/wp\/v2\/posts\/232475\/revisions\/232476"}],"wp:attachment":[{"href":"https:\/\/reddeportiva.net\/principal\/index.php?rest_route=%2Fwp%2Fv2%2Fmedia&parent=232475"}],"wp:term":[{"taxonomy":"category","embeddable":true,"href":"https:\/\/reddeportiva.net\/principal\/index.php?rest_route=%2Fwp%2Fv2%2Fcategories&post=232475"},{"taxonomy":"post_tag","embeddable":true,"href":"https:\/\/reddeportiva.net\/principal\/index.php?rest_route=%2Fwp%2Fv2%2Ftags&post=232475"}],"curies":[{"name":"wp","href":"https:\/\/api.w.org\/{rel}","templated":true}]}}