{"id":232469,"date":"2022-12-01T06:32:26","date_gmt":"2022-12-01T11:32:26","guid":{"rendered":"https:\/\/reddeportiva.net\/principal\/?p=232469"},"modified":"2022-12-01T06:32:28","modified_gmt":"2022-12-01T11:32:28","slug":"betssy-chavez-es-un-primer-paso-que-nos-permite-hacer-consenso","status":"publish","type":"post","link":"https:\/\/reddeportiva.net\/principal\/?p=232469","title":{"rendered":"Betssy Ch\u00e1vez: \u201cEs un primer paso que nos permite hacer consenso\u201d"},"content":{"rendered":"\n<figure class=\"wp-block-embed is-type-video is-provider-youtube wp-block-embed-youtube wp-embed-aspect-16-9 wp-has-aspect-ratio\"><div class=\"wp-block-embed__wrapper\">\n<iframe loading=\"lazy\" title=\"Betssy Ch\u00e1vez: \u201cEs un primer paso que nos permite hacer consenso\u201d\" width=\"625\" height=\"352\" src=\"https:\/\/www.youtube.com\/embed\/hzGNIffuF-0?feature=oembed\" frameborder=\"0\" allow=\"accelerometer; autoplay; clipboard-write; encrypted-media; gyroscope; picture-in-picture; web-share\" referrerpolicy=\"strict-origin-when-cross-origin\" allowfullscreen><\/iframe>\n<\/div><\/figure>\n\n\n\n<p>En Reddeportiva.net estamos realmente sorprendidos por las declaraciones que en tono bajito y conciliador pronuncia la Primera Ministra de las cuales deja constancia el v\u00eddeo.\u00a0 Desde nuestro punto de vista, se trata de personas capaces e inteligentes, si agregamos al ministro que acompa\u00f1a a la primera, que presentan ideas orientadas a construir una narrativa que los presente conciliadores y constructivos a pesar de la real actuaci\u00f3n del Gobierno que no ha hecho el m\u00e1s m\u00ednimo gesto de nombrar ministros que respondan a dicha l\u00ednea de pensamiento.\u00a0 Negamos que hayan sido conciliadores porque el lenguaje de odio ha sido permanente.\u00a0 Negamos que hayan sido constructivos ya que por planes solo tienen t\u00edtulos sin explicar cu\u00e1les son sus propuestas con el fin de determinar su conveniencia o la forma de perfeccionarlos.\u00a0 En definitiva, si hubieran querido ser conciliadores, bastaba que hubieran retirado el acta en que consideran como denegada la primera cuesti\u00f3n de confianza y la cambiaran por otra alineada con la legislaci\u00f3n vigente aceptando que el Congreso Nacional est\u00e1 actuando conforme lo se\u00f1alado por el Tribunal Constitucional y no tratar de crear una contradicci\u00f3n en el entorno Constitucional utilizando una torcida interpretaci\u00f3n de su Art. 51 al negar la capacidad del Tribunal para dirimir las controversias Constitucionales.<\/p>\n","protected":false},"excerpt":{"rendered":"<p>En Reddeportiva.net estamos realmente sorprendidos por las declaraciones que en tono bajito y conciliador pronuncia la Primera Ministra de las cuales deja constancia el v\u00eddeo.\u00a0 Desde nuestro punto de vista, se trata de personas capaces e inteligentes, si agregamos al ministro que acompa\u00f1a a la primera, que presentan ideas orientadas a construir una narrativa que [&hellip;]<\/p>\n","protected":false},"author":1,"featured_media":0,"comment_status":"closed","ping_status":"closed","sticky":false,"template":"","format":"standard","meta":{"_exactmetrics_skip_tracking":false,"_exactmetrics_sitenote_active":false,"_exactmetrics_sitenote_note":"","_exactmetrics_sitenote_category":0,"ngg_post_thumbnail":0,"footnotes":""},"categories":[36,200],"tags":[],"class_list":["post-232469","post","type-post","status-publish","format-standard","hentry","category-reddeportiva-net","category-separata-reddeportiva"],"_links":{"self":[{"href":"https:\/\/reddeportiva.net\/principal\/index.php?rest_route=\/wp\/v2\/posts\/232469","targetHints":{"allow":["GET"]}}],"collection":[{"href":"https:\/\/reddeportiva.net\/principal\/index.php?rest_route=\/wp\/v2\/posts"}],"about":[{"href":"https:\/\/reddeportiva.net\/principal\/index.php?rest_route=\/wp\/v2\/types\/post"}],"author":[{"embeddable":true,"href":"https:\/\/reddeportiva.net\/principal\/index.php?rest_route=\/wp\/v2\/users\/1"}],"replies":[{"embeddable":true,"href":"https:\/\/reddeportiva.net\/principal\/index.php?rest_route=%2Fwp%2Fv2%2Fcomments&post=232469"}],"version-history":[{"count":1,"href":"https:\/\/reddeportiva.net\/principal\/index.php?rest_route=\/wp\/v2\/posts\/232469\/revisions"}],"predecessor-version":[{"id":232470,"href":"https:\/\/reddeportiva.net\/principal\/index.php?rest_route=\/wp\/v2\/posts\/232469\/revisions\/232470"}],"wp:attachment":[{"href":"https:\/\/reddeportiva.net\/principal\/index.php?rest_route=%2Fwp%2Fv2%2Fmedia&parent=232469"}],"wp:term":[{"taxonomy":"category","embeddable":true,"href":"https:\/\/reddeportiva.net\/principal\/index.php?rest_route=%2Fwp%2Fv2%2Fcategories&post=232469"},{"taxonomy":"post_tag","embeddable":true,"href":"https:\/\/reddeportiva.net\/principal\/index.php?rest_route=%2Fwp%2Fv2%2Ftags&post=232469"}],"curies":[{"name":"wp","href":"https:\/\/api.w.org\/{rel}","templated":true}]}}