{"id":231993,"date":"2022-11-12T16:48:38","date_gmt":"2022-11-12T21:48:38","guid":{"rendered":"https:\/\/reddeportiva.net\/principal\/?p=231993"},"modified":"2022-11-12T16:57:52","modified_gmt":"2022-11-12T21:57:52","slug":"denuncia-a-castillo-por-traicion-a-la-patria-no-pasa-de-ser-unas-simples-declaraciones","status":"publish","type":"post","link":"https:\/\/reddeportiva.net\/principal\/?p=231993","title":{"rendered":"Denuncia a Castillo por traici\u00f3n a la patria: \u201cNo pasa de ser unas simples declaraciones\u201d"},"content":{"rendered":"\n<figure class=\"wp-block-embed is-type-video is-provider-youtube wp-block-embed-youtube wp-embed-aspect-16-9 wp-has-aspect-ratio\"><div class=\"wp-block-embed__wrapper\">\n<iframe loading=\"lazy\" title=\"Denuncia a Castillo por traici\u00f3n a la patria: \u201cNo pasa de ser unas simples declaraciones\u201d\" width=\"625\" height=\"352\" src=\"https:\/\/www.youtube.com\/embed\/iKCqhTWcufA?feature=oembed\" frameborder=\"0\" allow=\"accelerometer; autoplay; clipboard-write; encrypted-media; gyroscope; picture-in-picture; web-share\" referrerpolicy=\"strict-origin-when-cross-origin\" allowfullscreen><\/iframe>\n<\/div><\/figure>\n\n\n\n<p>De lo dicho en el v\u00eddeo, resulta claro que procede que el Congreso Nacional acuse a Pedro Castillo por traici\u00f3n a la Patria ya que es evidente que declaraciones tan \u201csinceras\u201d deben ser investigadas por el Poder Judicial en raz\u00f3n de planes que se han realizado alrededor de muchos actos y acuerdos internacionales en que han intervenido autoridades extranjeras de pa\u00edses miembros del Foro de Sao Paolo y el Grupo de Cuenca, incluyendo varias visitas al Per\u00fa planteadas por Evo Morales con el fin de participar en actividades pol\u00edticas de car\u00e1cter internacional dentro del territorio peruano, todo lo cual obedece a acuerdos y agendas que traslucen objetivos de \u00e9lites mundiales que tienen intereses particulares, lo cual obliga a realizar las investigaciones del caso.\u00a0 Este juzgamiento no es impedimento para que el Congreso Nacional califique y sancione desde un punto de vista \u00c9tico y Moral el comportamiento pol\u00edtico del Presidente, para lo que se deber\u00e1 definir el debido proceso a seguir en la respectiva acusaci\u00f3n que se presente.<\/p>\n","protected":false},"excerpt":{"rendered":"<p>De lo dicho en el v\u00eddeo, resulta claro que procede que el Congreso Nacional acuse a Pedro Castillo por traici\u00f3n a la Patria ya que es evidente que declaraciones tan \u201csinceras\u201d deben ser investigadas por el Poder Judicial en raz\u00f3n de planes que se han realizado alrededor de muchos actos y acuerdos internacionales en que [&hellip;]<\/p>\n","protected":false},"author":1,"featured_media":0,"comment_status":"closed","ping_status":"closed","sticky":false,"template":"","format":"standard","meta":{"_exactmetrics_skip_tracking":false,"_exactmetrics_sitenote_active":false,"_exactmetrics_sitenote_note":"","_exactmetrics_sitenote_category":0,"ngg_post_thumbnail":0,"footnotes":""},"categories":[36,200],"tags":[],"class_list":["post-231993","post","type-post","status-publish","format-standard","hentry","category-reddeportiva-net","category-separata-reddeportiva"],"_links":{"self":[{"href":"https:\/\/reddeportiva.net\/principal\/index.php?rest_route=\/wp\/v2\/posts\/231993","targetHints":{"allow":["GET"]}}],"collection":[{"href":"https:\/\/reddeportiva.net\/principal\/index.php?rest_route=\/wp\/v2\/posts"}],"about":[{"href":"https:\/\/reddeportiva.net\/principal\/index.php?rest_route=\/wp\/v2\/types\/post"}],"author":[{"embeddable":true,"href":"https:\/\/reddeportiva.net\/principal\/index.php?rest_route=\/wp\/v2\/users\/1"}],"replies":[{"embeddable":true,"href":"https:\/\/reddeportiva.net\/principal\/index.php?rest_route=%2Fwp%2Fv2%2Fcomments&post=231993"}],"version-history":[{"count":2,"href":"https:\/\/reddeportiva.net\/principal\/index.php?rest_route=\/wp\/v2\/posts\/231993\/revisions"}],"predecessor-version":[{"id":231995,"href":"https:\/\/reddeportiva.net\/principal\/index.php?rest_route=\/wp\/v2\/posts\/231993\/revisions\/231995"}],"wp:attachment":[{"href":"https:\/\/reddeportiva.net\/principal\/index.php?rest_route=%2Fwp%2Fv2%2Fmedia&parent=231993"}],"wp:term":[{"taxonomy":"category","embeddable":true,"href":"https:\/\/reddeportiva.net\/principal\/index.php?rest_route=%2Fwp%2Fv2%2Fcategories&post=231993"},{"taxonomy":"post_tag","embeddable":true,"href":"https:\/\/reddeportiva.net\/principal\/index.php?rest_route=%2Fwp%2Fv2%2Ftags&post=231993"}],"curies":[{"name":"wp","href":"https:\/\/api.w.org\/{rel}","templated":true}]}}