{"id":231706,"date":"2022-10-10T18:01:55","date_gmt":"2022-10-10T23:01:55","guid":{"rendered":"https:\/\/reddeportiva.net\/principal\/?p=231706"},"modified":"2022-10-10T18:02:01","modified_gmt":"2022-10-10T23:02:01","slug":"confiep-sobre-antauro-humala-ese-escenario-es-poco-probable-que-salga-elegido-entrevista-a-oscar-caipo-en-exitosa","status":"publish","type":"post","link":"https:\/\/reddeportiva.net\/principal\/?p=231706","title":{"rendered":"Confiep sobre Antauro Humala: \u00abEse escenario es poco probable que salga elegido\u00bb (Entrevista a \u00d3scar Caipo en Exitosa)"},"content":{"rendered":"\n<figure class=\"wp-block-embed is-type-video is-provider-youtube wp-block-embed-youtube wp-embed-aspect-16-9 wp-has-aspect-ratio\"><div class=\"wp-block-embed__wrapper\">\n<iframe loading=\"lazy\" title=\"\ud83d\udd34\ud83d\udd35Confiep sobre Antauro Humala: &quot;Ese escenario es poco probable que salga elegido&quot;\" width=\"625\" height=\"352\" src=\"https:\/\/www.youtube.com\/embed\/XhFdLG9ug-o?feature=oembed\" frameborder=\"0\" allow=\"accelerometer; autoplay; clipboard-write; encrypted-media; gyroscope; picture-in-picture; web-share\" referrerpolicy=\"strict-origin-when-cross-origin\" allowfullscreen><\/iframe>\n<\/div><\/figure>\n\n\n\n<p>Nuevamente tenemos que lamentar el regreso de la falta de rigurosidad en que est\u00e1n incurriendo destacados periodistas de la prensa peruana que no ponen el \u201cdebido cuidado\u201d cuando emiten sus opiniones, lo que fuera una caracter\u00edstica particular de la \u00e9poca de auge del \u201cpensamiento \u00fanico\u201d que impuso en varias ocasiones falsas narrativas las cuales consagraron momentos decisivos en importantes oportunidades durante los \u00faltimos 20 a\u00f1os, en que fuimos conducidos a la destrucci\u00f3n de nuestra incipiente institucionalidad, lo que pudo llegar a peores consecuencias de no hab\u00e9rseles escapado el control de la pol\u00edtica peruana como resultado del desastre sanitario del que fuimos v\u00edctimas y al cual reconocemos como una inesperada pandemia; de todo lo cual no hemos escuchado rectificaci\u00f3n alguna.&nbsp; Hemos tratado de buscar un ejemplo que ponga en claro nuestro decir y pensamos que esta entrevista es un buen ejemplo de c\u00f3mo puede ir d\u00e1ndosele forma a una estrategia de copamiento social, porque en el v\u00eddeo que hemos seleccionado podemos encontrar nuevamente elementos constitutivos de la misma campa\u00f1a de \u201cpensamiento \u00fanico\u201d, los cuales podr\u00edan considerarse como indicios de un nuevo lanzamiento de una campa\u00f1a de captura del poder pol\u00edtico de parte de poderosos grupos econ\u00f3micos a los cuales podemos relacionar con intereses creados, a la vez que reconocerlos como la plutocracia peruana nuevamente en acci\u00f3n.<\/p>\n\n\n\n<p>No pensamos que pueda sostenerse v\u00e1lidamente que Pedro Castillo no hubiera impuesto un gobierno filo-comunista de no haber existido una fiera oposici\u00f3n que le impidiera hacerlo.&nbsp; No participamos de las burlas que se utilizan tanto para desacreditar a nuestra Constituci\u00f3n como al Congreso Nacional, porque se quiere dar importancia a argumentos artificiosos de corto plazo los cuales son claramente inapropiados para aplicarlos a instituciones que se encuentran en las l\u00edneas fundamentales del proceso de madurez a largo plazo en que nos encontramos, en especial cuando nos hayamos tan cerca del punto de inflexi\u00f3n que significa la destituci\u00f3n de Mart\u00edn Vizcarra.&nbsp; En una pr\u00f3xima nota insistiremos en el valor del pueblo peruano del que por ahora solo queremos destacar la enorme valoraci\u00f3n que le da al trabajo, lo cual encierra gran sabidur\u00eda cuando rechaza los subsidios que solo aumentan el dinero que tienen en los bolsillos, como en la \u00e9poca de la hiperinflaci\u00f3n, y no pone m\u00e1s bienes a disposici\u00f3n en los mercados.&nbsp; Apena ver c\u00f3mo se sigue sub-apreciando el tema de los Valores y Principios.&nbsp; En otras palabras, el tema sigue sin suscitar el inter\u00e9s y la atenci\u00f3n por el di\u00e1logo que nos familiarice con un apropiado manejo de los conceptos as\u00ed como de las consecuencias directas que puedan tener origen en la pr\u00e1ctica cotidiana de la conducta humana, los procesos de valoraci\u00f3n y la toma de decisiones coherentes con los Valores y Principios vinculados.<\/p>\n\n\n\n<p>Un proceso de reconstrucci\u00f3n pasa por organizar al pueblo peruano en forma tal que se llegue a una representaci\u00f3n pol\u00edtica que funcione.&nbsp; Esta organizaci\u00f3n debe tener la capacidad de poner a trabajar la mayor cantidad de personas en roles que permitan la mejor utilizaci\u00f3n de sus habilidades y capacidades.&nbsp; Quiz\u00e1s pueda ser una medida extrema el recurrir a la pr\u00e1ctica de mitimaes o la generaci\u00f3n de marcos legales audaces que permitan entrar con comodidad a una proyecci\u00f3n de nuestra sociedad que podamos visualizar para la segunda mitad del siglo XXI; por lo que no podemos olvidar: que no hay peor situaci\u00f3n, que la de quedarnos con los brazos cruzados.<\/p>\n","protected":false},"excerpt":{"rendered":"<p>Nuevamente tenemos que lamentar el regreso de la falta de rigurosidad en que est\u00e1n incurriendo destacados periodistas de la prensa peruana que no ponen el \u201cdebido cuidado\u201d cuando emiten sus opiniones, lo que fuera una caracter\u00edstica particular de la \u00e9poca de auge del \u201cpensamiento \u00fanico\u201d que impuso en varias ocasiones falsas narrativas las cuales consagraron [&hellip;]<\/p>\n","protected":false},"author":1,"featured_media":0,"comment_status":"closed","ping_status":"closed","sticky":false,"template":"","format":"standard","meta":{"_exactmetrics_skip_tracking":false,"_exactmetrics_sitenote_active":false,"_exactmetrics_sitenote_note":"","_exactmetrics_sitenote_category":0,"ngg_post_thumbnail":0,"footnotes":""},"categories":[36,200],"tags":[],"class_list":["post-231706","post","type-post","status-publish","format-standard","hentry","category-reddeportiva-net","category-separata-reddeportiva"],"_links":{"self":[{"href":"https:\/\/reddeportiva.net\/principal\/index.php?rest_route=\/wp\/v2\/posts\/231706","targetHints":{"allow":["GET"]}}],"collection":[{"href":"https:\/\/reddeportiva.net\/principal\/index.php?rest_route=\/wp\/v2\/posts"}],"about":[{"href":"https:\/\/reddeportiva.net\/principal\/index.php?rest_route=\/wp\/v2\/types\/post"}],"author":[{"embeddable":true,"href":"https:\/\/reddeportiva.net\/principal\/index.php?rest_route=\/wp\/v2\/users\/1"}],"replies":[{"embeddable":true,"href":"https:\/\/reddeportiva.net\/principal\/index.php?rest_route=%2Fwp%2Fv2%2Fcomments&post=231706"}],"version-history":[{"count":1,"href":"https:\/\/reddeportiva.net\/principal\/index.php?rest_route=\/wp\/v2\/posts\/231706\/revisions"}],"predecessor-version":[{"id":231707,"href":"https:\/\/reddeportiva.net\/principal\/index.php?rest_route=\/wp\/v2\/posts\/231706\/revisions\/231707"}],"wp:attachment":[{"href":"https:\/\/reddeportiva.net\/principal\/index.php?rest_route=%2Fwp%2Fv2%2Fmedia&parent=231706"}],"wp:term":[{"taxonomy":"category","embeddable":true,"href":"https:\/\/reddeportiva.net\/principal\/index.php?rest_route=%2Fwp%2Fv2%2Fcategories&post=231706"},{"taxonomy":"post_tag","embeddable":true,"href":"https:\/\/reddeportiva.net\/principal\/index.php?rest_route=%2Fwp%2Fv2%2Ftags&post=231706"}],"curies":[{"name":"wp","href":"https:\/\/api.w.org\/{rel}","templated":true}]}}