{"id":231697,"date":"2022-10-04T00:51:59","date_gmt":"2022-10-04T05:51:59","guid":{"rendered":"https:\/\/reddeportiva.net\/principal\/?p=231697"},"modified":"2022-10-04T00:52:03","modified_gmt":"2022-10-04T05:52:03","slug":"ernesto-blume-sobre-martin-vizcarrasu-vacancia-fue-inconstitucionallo-que-dijo-es-una-barbaridad","status":"publish","type":"post","link":"https:\/\/reddeportiva.net\/principal\/?p=231697","title":{"rendered":"Ernesto Blume sobre Mart\u00edn Vizcarra:\u201cSu vacancia fue inconstitucional,lo que dijo es una barbaridad\u201d"},"content":{"rendered":"\n<figure class=\"wp-block-embed is-type-video is-provider-youtube wp-block-embed-youtube wp-embed-aspect-16-9 wp-has-aspect-ratio\"><div class=\"wp-block-embed__wrapper\">\n<iframe loading=\"lazy\" title=\"Ernesto Blume sobre Mart\u00edn Vizcarra: \u201cEs una barbaridad lo que ha dicho sobre su vacancia&quot;\" width=\"625\" height=\"352\" src=\"https:\/\/www.youtube.com\/embed\/DaaDQCtNJVg?feature=oembed\" frameborder=\"0\" allow=\"accelerometer; autoplay; clipboard-write; encrypted-media; gyroscope; picture-in-picture; web-share\" referrerpolicy=\"strict-origin-when-cross-origin\" allowfullscreen><\/iframe>\n<\/div><\/figure>\n\n\n\n<p>En Reddeportiva.net consideramos importante se\u00f1alar el grave error en que incurre quien redact\u00f3 el t\u00edtulo de la publicaci\u00f3n del v\u00eddeo adjunto ya que el Dr. Ernesto Blume afirma todo lo contrario a lo que textualmente afirma dicho titular, como se puede comprobar con solo visionarlo.\u00a0 Este se\u00f1alamiento lo hacemos no por un af\u00e1n de superioridad o algo por el estilo, sino m\u00e1s bien porque la cultura del \u201cperiodismo de titulares\u201d podr\u00eda afectar nuestra credibilidad dado que lo afirmado por nosotros en la nota cuyo enlace es <a href=\"https:\/\/reddeportiva.net\/principal\/?p=231668\">https:\/\/reddeportiva.net\/principal\/?p=231668<\/a> podr\u00eda ser recordado como una mentira, equivocaci\u00f3n o falta de compromiso con la verdad.<\/p>\n","protected":false},"excerpt":{"rendered":"<p>En Reddeportiva.net consideramos importante se\u00f1alar el grave error en que incurre quien redact\u00f3 el t\u00edtulo de la publicaci\u00f3n del v\u00eddeo adjunto ya que el Dr. Ernesto Blume afirma todo lo contrario a lo que textualmente afirma dicho titular, como se puede comprobar con solo visionarlo.\u00a0 Este se\u00f1alamiento lo hacemos no por un af\u00e1n de superioridad [&hellip;]<\/p>\n","protected":false},"author":1,"featured_media":0,"comment_status":"closed","ping_status":"closed","sticky":false,"template":"","format":"standard","meta":{"_exactmetrics_skip_tracking":false,"_exactmetrics_sitenote_active":false,"_exactmetrics_sitenote_note":"","_exactmetrics_sitenote_category":0,"ngg_post_thumbnail":0,"footnotes":""},"categories":[36,200],"tags":[],"class_list":["post-231697","post","type-post","status-publish","format-standard","hentry","category-reddeportiva-net","category-separata-reddeportiva"],"_links":{"self":[{"href":"https:\/\/reddeportiva.net\/principal\/index.php?rest_route=\/wp\/v2\/posts\/231697","targetHints":{"allow":["GET"]}}],"collection":[{"href":"https:\/\/reddeportiva.net\/principal\/index.php?rest_route=\/wp\/v2\/posts"}],"about":[{"href":"https:\/\/reddeportiva.net\/principal\/index.php?rest_route=\/wp\/v2\/types\/post"}],"author":[{"embeddable":true,"href":"https:\/\/reddeportiva.net\/principal\/index.php?rest_route=\/wp\/v2\/users\/1"}],"replies":[{"embeddable":true,"href":"https:\/\/reddeportiva.net\/principal\/index.php?rest_route=%2Fwp%2Fv2%2Fcomments&post=231697"}],"version-history":[{"count":1,"href":"https:\/\/reddeportiva.net\/principal\/index.php?rest_route=\/wp\/v2\/posts\/231697\/revisions"}],"predecessor-version":[{"id":231698,"href":"https:\/\/reddeportiva.net\/principal\/index.php?rest_route=\/wp\/v2\/posts\/231697\/revisions\/231698"}],"wp:attachment":[{"href":"https:\/\/reddeportiva.net\/principal\/index.php?rest_route=%2Fwp%2Fv2%2Fmedia&parent=231697"}],"wp:term":[{"taxonomy":"category","embeddable":true,"href":"https:\/\/reddeportiva.net\/principal\/index.php?rest_route=%2Fwp%2Fv2%2Fcategories&post=231697"},{"taxonomy":"post_tag","embeddable":true,"href":"https:\/\/reddeportiva.net\/principal\/index.php?rest_route=%2Fwp%2Fv2%2Ftags&post=231697"}],"curies":[{"name":"wp","href":"https:\/\/api.w.org\/{rel}","templated":true}]}}