{"id":231642,"date":"2022-09-19T01:41:48","date_gmt":"2022-09-19T06:41:48","guid":{"rendered":"https:\/\/reddeportiva.net\/principal\/?p=231642"},"modified":"2022-09-19T01:42:14","modified_gmt":"2022-09-19T06:42:14","slug":"ejercito-real-del-peru-la-epopeya-jamas-contada-con-el-capitan-peru","status":"publish","type":"post","link":"https:\/\/reddeportiva.net\/principal\/?p=231642","title":{"rendered":"Ej\u00e9rcito Real del Per\u00fa, la epopeya jam\u00e1s contada (con el Capit\u00e1n Per\u00fa)"},"content":{"rendered":"\n<figure class=\"wp-block-embed is-type-video is-provider-youtube wp-block-embed-youtube wp-embed-aspect-16-9 wp-has-aspect-ratio\"><div class=\"wp-block-embed__wrapper\">\n<iframe loading=\"lazy\" title=\"Ej\u00e9rcito Real del Per\u00fa, la epopeya jam\u00e1s contada (con el Capit\u00e1n Per\u00fa)\" width=\"625\" height=\"352\" src=\"https:\/\/www.youtube.com\/embed\/cJYEO8Ht1C0?feature=oembed\" frameborder=\"0\" allow=\"accelerometer; autoplay; clipboard-write; encrypted-media; gyroscope; picture-in-picture; web-share\" referrerpolicy=\"strict-origin-when-cross-origin\" allowfullscreen><\/iframe>\n<\/div><\/figure>\n","protected":false},"excerpt":{"rendered":"","protected":false},"author":1,"featured_media":0,"comment_status":"closed","ping_status":"closed","sticky":false,"template":"","format":"standard","meta":{"_exactmetrics_skip_tracking":false,"_exactmetrics_sitenote_active":false,"_exactmetrics_sitenote_note":"","_exactmetrics_sitenote_category":0,"ngg_post_thumbnail":0,"footnotes":""},"categories":[1281,22,949,1223,36],"tags":[],"class_list":["post-231642","post","type-post","status-publish","format-standard","hentry","category-cronologias-proyecciones","category-educacion-proyecciones","category-mundo-anterior","category-mundo-politico","category-reddeportiva-net"],"_links":{"self":[{"href":"https:\/\/reddeportiva.net\/principal\/index.php?rest_route=\/wp\/v2\/posts\/231642","targetHints":{"allow":["GET"]}}],"collection":[{"href":"https:\/\/reddeportiva.net\/principal\/index.php?rest_route=\/wp\/v2\/posts"}],"about":[{"href":"https:\/\/reddeportiva.net\/principal\/index.php?rest_route=\/wp\/v2\/types\/post"}],"author":[{"embeddable":true,"href":"https:\/\/reddeportiva.net\/principal\/index.php?rest_route=\/wp\/v2\/users\/1"}],"replies":[{"embeddable":true,"href":"https:\/\/reddeportiva.net\/principal\/index.php?rest_route=%2Fwp%2Fv2%2Fcomments&post=231642"}],"version-history":[{"count":1,"href":"https:\/\/reddeportiva.net\/principal\/index.php?rest_route=\/wp\/v2\/posts\/231642\/revisions"}],"predecessor-version":[{"id":231643,"href":"https:\/\/reddeportiva.net\/principal\/index.php?rest_route=\/wp\/v2\/posts\/231642\/revisions\/231643"}],"wp:attachment":[{"href":"https:\/\/reddeportiva.net\/principal\/index.php?rest_route=%2Fwp%2Fv2%2Fmedia&parent=231642"}],"wp:term":[{"taxonomy":"category","embeddable":true,"href":"https:\/\/reddeportiva.net\/principal\/index.php?rest_route=%2Fwp%2Fv2%2Fcategories&post=231642"},{"taxonomy":"post_tag","embeddable":true,"href":"https:\/\/reddeportiva.net\/principal\/index.php?rest_route=%2Fwp%2Fv2%2Ftags&post=231642"}],"curies":[{"name":"wp","href":"https:\/\/api.w.org\/{rel}","templated":true}]}}