{"id":231579,"date":"2022-09-06T09:16:29","date_gmt":"2022-09-06T14:16:29","guid":{"rendered":"https:\/\/reddeportiva.net\/principal\/?p=231579"},"modified":"2022-09-06T09:16:32","modified_gmt":"2022-09-06T14:16:32","slug":"una-mira-al-dia-chile-rechazo-propuesta-de-nueva-constitucion-coordinadora-democratica","status":"publish","type":"post","link":"https:\/\/reddeportiva.net\/principal\/?p=231579","title":{"rendered":"Una Mira al D\u00eda &#8211; Chile rechaz\u00f3 propuesta de nueva Constituci\u00f3n. (Coordinadora Democr\u00e1tica)"},"content":{"rendered":"\n<figure class=\"wp-block-embed is-type-video is-provider-youtube wp-block-embed-youtube wp-embed-aspect-16-9 wp-has-aspect-ratio\"><div class=\"wp-block-embed__wrapper\">\n<iframe loading=\"lazy\" title=\"Una Mira al D\u00eda - Chile rechaz\u00f3 propuesta de nueva Constituci\u00f3n.\" width=\"625\" height=\"352\" src=\"https:\/\/www.youtube.com\/embed\/UuUXv92BsD4?feature=oembed\" frameborder=\"0\" allow=\"accelerometer; autoplay; clipboard-write; encrypted-media; gyroscope; picture-in-picture; web-share\" referrerpolicy=\"strict-origin-when-cross-origin\" allowfullscreen><\/iframe>\n<\/div><\/figure>\n","protected":false},"excerpt":{"rendered":"","protected":false},"author":1,"featured_media":0,"comment_status":"closed","ping_status":"closed","sticky":false,"template":"","format":"standard","meta":{"_exactmetrics_skip_tracking":false,"_exactmetrics_sitenote_active":false,"_exactmetrics_sitenote_note":"","_exactmetrics_sitenote_category":0,"ngg_post_thumbnail":0,"footnotes":""},"categories":[1278,1376,1402,22,1307,1411,1202,1241,1243,1425,1286,1237,1223,1311,1291,1353,1404,1308,36,1300,1403,1384],"tags":[],"class_list":["post-231579","post","type-post","status-publish","format-standard","hentry","category-accion-politica-proyecciones","category-democracia","category-desplazados-americanos","category-educacion-proyecciones","category-estado-de-derecho","category-garantias","category-geopolitica-proyecciones","category-gobernanza","category-institucionalidad","category-integracion-cultural","category-integridad","category-libertades","category-mundo-politico","category-orden-y-disciplina","category-organizacion-internacional-proyecciones","category-organizacion-multilateralismo-proyecciones","category-poderes-mundiales","category-politizacion","category-reddeportiva-net","category-reforma-del-estado","category-reforma-servicios-publicos","category-riesgos-y-vulnerabilidades"],"_links":{"self":[{"href":"https:\/\/reddeportiva.net\/principal\/index.php?rest_route=\/wp\/v2\/posts\/231579","targetHints":{"allow":["GET"]}}],"collection":[{"href":"https:\/\/reddeportiva.net\/principal\/index.php?rest_route=\/wp\/v2\/posts"}],"about":[{"href":"https:\/\/reddeportiva.net\/principal\/index.php?rest_route=\/wp\/v2\/types\/post"}],"author":[{"embeddable":true,"href":"https:\/\/reddeportiva.net\/principal\/index.php?rest_route=\/wp\/v2\/users\/1"}],"replies":[{"embeddable":true,"href":"https:\/\/reddeportiva.net\/principal\/index.php?rest_route=%2Fwp%2Fv2%2Fcomments&post=231579"}],"version-history":[{"count":1,"href":"https:\/\/reddeportiva.net\/principal\/index.php?rest_route=\/wp\/v2\/posts\/231579\/revisions"}],"predecessor-version":[{"id":231580,"href":"https:\/\/reddeportiva.net\/principal\/index.php?rest_route=\/wp\/v2\/posts\/231579\/revisions\/231580"}],"wp:attachment":[{"href":"https:\/\/reddeportiva.net\/principal\/index.php?rest_route=%2Fwp%2Fv2%2Fmedia&parent=231579"}],"wp:term":[{"taxonomy":"category","embeddable":true,"href":"https:\/\/reddeportiva.net\/principal\/index.php?rest_route=%2Fwp%2Fv2%2Fcategories&post=231579"},{"taxonomy":"post_tag","embeddable":true,"href":"https:\/\/reddeportiva.net\/principal\/index.php?rest_route=%2Fwp%2Fv2%2Ftags&post=231579"}],"curies":[{"name":"wp","href":"https:\/\/api.w.org\/{rel}","templated":true}]}}