{"id":231574,"date":"2022-09-05T09:11:19","date_gmt":"2022-09-05T14:11:19","guid":{"rendered":"https:\/\/reddeportiva.net\/principal\/?p=231574"},"modified":"2022-09-05T09:11:24","modified_gmt":"2022-09-05T14:11:24","slug":"prohass-explica-por-que-les-fue-tan-mal-este-ano-a-los-pequenos-productores-peruanos-de-palta-hass","status":"publish","type":"post","link":"https:\/\/reddeportiva.net\/principal\/?p=231574","title":{"rendered":"Prohass explica por qu\u00e9 les fue tan mal este a\u00f1o a los peque\u00f1os productores peruanos de palta hass"},"content":{"rendered":"\n<figure class=\"wp-block-embed is-type-video is-provider-youtube wp-block-embed-youtube wp-embed-aspect-16-9 wp-has-aspect-ratio\"><div class=\"wp-block-embed__wrapper\">\n<iframe loading=\"lazy\" title=\"Prohass explica por qu\u00e9 les fue tan mal este a\u00f1o a los peque\u00f1os productores peruanos de palta hass\" width=\"625\" height=\"352\" src=\"https:\/\/www.youtube.com\/embed\/HMNsaggeymU?feature=oembed\" frameborder=\"0\" allow=\"accelerometer; autoplay; clipboard-write; encrypted-media; gyroscope; picture-in-picture; web-share\" referrerpolicy=\"strict-origin-when-cross-origin\" allowfullscreen><\/iframe>\n<\/div><\/figure>\n","protected":false},"excerpt":{"rendered":"","protected":false},"author":1,"featured_media":0,"comment_status":"closed","ping_status":"closed","sticky":false,"template":"","format":"standard","meta":{"_exactmetrics_skip_tracking":false,"_exactmetrics_sitenote_active":false,"_exactmetrics_sitenote_note":"","_exactmetrics_sitenote_category":0,"ngg_post_thumbnail":0,"footnotes":""},"categories":[1278,1229,1364,1399,1326,1202,1269,1378,1249,1293,1223,1353,1441,1404,1341,779,1214,36,1374,1373,1344,1384,1356,1316],"tags":[],"class_list":["post-231574","post","type-post","status-publish","format-standard","hentry","category-accion-politica-proyecciones","category-agricultura-produccion-proyecciones","category-arabe-islamico","category-biologia-proyeccion","category-desarrollo","category-geopolitica-proyecciones","category-gestion-proyecciones","category-industria-alimentaria","category-mercadeo-justo","category-mundo-laboral","category-mundo-politico","category-organizacion-multilateralismo-proyecciones","category-planeamiento","category-poderes-mundiales","category-promocion-y-ayudas","category-proyecciones","category-proyecciones-abastos","category-reddeportiva-net","category-reforma-de-la-economia","category-reforma-del-comercio","category-reorganizaciones","category-riesgos-y-vulnerabilidades","category-rusia-proyecciones-multilateralismo","category-soluciones-comunitarias"],"_links":{"self":[{"href":"https:\/\/reddeportiva.net\/principal\/index.php?rest_route=\/wp\/v2\/posts\/231574","targetHints":{"allow":["GET"]}}],"collection":[{"href":"https:\/\/reddeportiva.net\/principal\/index.php?rest_route=\/wp\/v2\/posts"}],"about":[{"href":"https:\/\/reddeportiva.net\/principal\/index.php?rest_route=\/wp\/v2\/types\/post"}],"author":[{"embeddable":true,"href":"https:\/\/reddeportiva.net\/principal\/index.php?rest_route=\/wp\/v2\/users\/1"}],"replies":[{"embeddable":true,"href":"https:\/\/reddeportiva.net\/principal\/index.php?rest_route=%2Fwp%2Fv2%2Fcomments&post=231574"}],"version-history":[{"count":1,"href":"https:\/\/reddeportiva.net\/principal\/index.php?rest_route=\/wp\/v2\/posts\/231574\/revisions"}],"predecessor-version":[{"id":231575,"href":"https:\/\/reddeportiva.net\/principal\/index.php?rest_route=\/wp\/v2\/posts\/231574\/revisions\/231575"}],"wp:attachment":[{"href":"https:\/\/reddeportiva.net\/principal\/index.php?rest_route=%2Fwp%2Fv2%2Fmedia&parent=231574"}],"wp:term":[{"taxonomy":"category","embeddable":true,"href":"https:\/\/reddeportiva.net\/principal\/index.php?rest_route=%2Fwp%2Fv2%2Fcategories&post=231574"},{"taxonomy":"post_tag","embeddable":true,"href":"https:\/\/reddeportiva.net\/principal\/index.php?rest_route=%2Fwp%2Fv2%2Ftags&post=231574"}],"curies":[{"name":"wp","href":"https:\/\/api.w.org\/{rel}","templated":true}]}}