{"id":231553,"date":"2022-08-24T13:46:59","date_gmt":"2022-08-24T18:46:59","guid":{"rendered":"https:\/\/reddeportiva.net\/principal\/?p=231553"},"modified":"2022-08-24T13:55:40","modified_gmt":"2022-08-24T18:55:40","slug":"%f0%9f%94%b4en-vivo-fiscal-de-la-nacion-patricia-benavides-brinda-conferencia-de-prensa-hoy-24-08-2022","status":"publish","type":"post","link":"https:\/\/reddeportiva.net\/principal\/?p=231553","title":{"rendered":"\ud83d\udd34EN VIVO| FISCAL DE LA NACI\u00d3N PATRICIA BENAVIDES BRINDA CONFERENCIA DE PRENSA |HOY 24\/08\/2022"},"content":{"rendered":"\n<figure class=\"wp-block-embed is-type-video is-provider-youtube wp-block-embed-youtube wp-embed-aspect-16-9 wp-has-aspect-ratio\"><div class=\"wp-block-embed__wrapper\">\nhttps:\/\/www.youtube.com\/watch?v=ynITFu662uY\n<\/div><\/figure>\n\n\n\n<p>Con mucho gusto les adjuntamos enlace que muestra los nuevos vientos que soplan en el accionar de los Poderes P\u00fablicos.\u00a0 Conforme a nuestro entender, el enlace muestra un duro ataque a los intereses creados en nuestro pa\u00eds.\u00a0 Las decisiones que se est\u00e1n tomando tienen la mayor importancia porque se trata de acciones en un terreno que poco inter\u00e9s genera en el quehacer nacional de los medios period\u00edsticos y la difusi\u00f3n de noticias con el fin de informar a la opini\u00f3n p\u00fablica sobre asuntos de importancia para la convivencia social y el valor de los actos que se deben hacer conocer a toda la Naci\u00f3n, en especial cuando su contenido encierra un mensaje de docencia sobre lo que se debe esperar cuando un funcionario cumple a cabalidad con el rol que la Constituci\u00f3n y las leyes le determinan.<\/p>\n","protected":false},"excerpt":{"rendered":"<p>Con mucho gusto les adjuntamos enlace que muestra los nuevos vientos que soplan en el accionar de los Poderes P\u00fablicos.\u00a0 Conforme a nuestro entender, el enlace muestra un duro ataque a los intereses creados en nuestro pa\u00eds.\u00a0 Las decisiones que se est\u00e1n tomando tienen la mayor importancia porque se trata de acciones en un terreno [&hellip;]<\/p>\n","protected":false},"author":1,"featured_media":0,"comment_status":"closed","ping_status":"closed","sticky":false,"template":"","format":"standard","meta":{"_exactmetrics_skip_tracking":false,"_exactmetrics_sitenote_active":false,"_exactmetrics_sitenote_note":"","_exactmetrics_sitenote_category":0,"ngg_post_thumbnail":0,"footnotes":""},"categories":[1278,1359,1223,1218,36,1373,1300,1403,200],"tags":[],"class_list":["post-231553","post","type-post","status-publish","format-standard","hentry","category-accion-politica-proyecciones","category-biodiversidad-ambiente","category-mundo-politico","category-proteccion-naturaleza-ambiente","category-reddeportiva-net","category-reforma-del-comercio","category-reforma-del-estado","category-reforma-servicios-publicos","category-separata-reddeportiva"],"_links":{"self":[{"href":"https:\/\/reddeportiva.net\/principal\/index.php?rest_route=\/wp\/v2\/posts\/231553","targetHints":{"allow":["GET"]}}],"collection":[{"href":"https:\/\/reddeportiva.net\/principal\/index.php?rest_route=\/wp\/v2\/posts"}],"about":[{"href":"https:\/\/reddeportiva.net\/principal\/index.php?rest_route=\/wp\/v2\/types\/post"}],"author":[{"embeddable":true,"href":"https:\/\/reddeportiva.net\/principal\/index.php?rest_route=\/wp\/v2\/users\/1"}],"replies":[{"embeddable":true,"href":"https:\/\/reddeportiva.net\/principal\/index.php?rest_route=%2Fwp%2Fv2%2Fcomments&post=231553"}],"version-history":[{"count":2,"href":"https:\/\/reddeportiva.net\/principal\/index.php?rest_route=\/wp\/v2\/posts\/231553\/revisions"}],"predecessor-version":[{"id":231555,"href":"https:\/\/reddeportiva.net\/principal\/index.php?rest_route=\/wp\/v2\/posts\/231553\/revisions\/231555"}],"wp:attachment":[{"href":"https:\/\/reddeportiva.net\/principal\/index.php?rest_route=%2Fwp%2Fv2%2Fmedia&parent=231553"}],"wp:term":[{"taxonomy":"category","embeddable":true,"href":"https:\/\/reddeportiva.net\/principal\/index.php?rest_route=%2Fwp%2Fv2%2Fcategories&post=231553"},{"taxonomy":"post_tag","embeddable":true,"href":"https:\/\/reddeportiva.net\/principal\/index.php?rest_route=%2Fwp%2Fv2%2Ftags&post=231553"}],"curies":[{"name":"wp","href":"https:\/\/api.w.org\/{rel}","templated":true}]}}