{"id":231550,"date":"2022-08-24T12:10:32","date_gmt":"2022-08-24T17:10:32","guid":{"rendered":"https:\/\/reddeportiva.net\/principal\/?p=231550"},"modified":"2022-08-27T14:23:01","modified_gmt":"2022-08-27T19:23:01","slug":"elmer-cuba-alfredo-thorne-gonzalo-ruiz-y-gonzalo-priale-modelo-economico-y-constitucion-19_6_2022","status":"publish","type":"post","link":"https:\/\/reddeportiva.net\/principal\/?p=231550","title":{"rendered":"Elmer Cuba, Alfredo Thorne, Gonzalo Ru\u00edz y Gonzalo Prial\u00e9: modelo econ\u00f3mico y Constituci\u00f3n 19_6_2022"},"content":{"rendered":"\n<figure class=\"wp-block-embed is-type-video is-provider-youtube wp-block-embed-youtube wp-embed-aspect-16-9 wp-has-aspect-ratio\"><div class=\"wp-block-embed__wrapper\">\n<iframe loading=\"lazy\" title=\"Elmer Cuba, Alfredo Thorne, Gonzalo Ru\u00edz y Gonzalo Prial\u00e9: modelo econ\u00f3mico y Constituci\u00f3n 19_6_2022\" width=\"625\" height=\"352\" src=\"https:\/\/www.youtube.com\/embed\/ehBQv31VFsg?feature=oembed\" frameborder=\"0\" allow=\"accelerometer; autoplay; clipboard-write; encrypted-media; gyroscope; picture-in-picture; web-share\" referrerpolicy=\"strict-origin-when-cross-origin\" allowfullscreen><\/iframe>\n<\/div><\/figure>\n\n\n\n<p>En Reddeportiva.net opinamos que el punto cr\u00edtico es la carencia de un acuerdo sobre el rol del Estado.\u00a0 Si bien en el campo de la gesti\u00f3n empresarial, su papel puede tener un peso auxiliar y complementario (subsidiario), no se puede negar que el Estado esencialmente tiene un papel que cumplir el cual est\u00e1 ligado a una visi\u00f3n de nuestro futuro como Naci\u00f3n, Patria o Sociedad en la que quisi\u00e9ramos vivir.\u00a0 Por ejemplo, en la Nota <a href=\"https:\/\/reddeportiva.net\/principal\/?p=222498\">https:\/\/reddeportiva.net\/principal\/?p=222498<\/a> se propone acordar un plan director para el desarrollo ferroviario orientado a servir principalmente para el transporte de carga, el cual bien puede ser complementado por otro de transporte a\u00e9reo orientado principalmente para el transporte de personas.\u00a0 Un aspecto b\u00e1sico en la organizaci\u00f3n del Estado est\u00e1 vinculado con la Institucionalidad la cual debe ser definida con relativa urgencia, en especial el aspecto de la propiedad y todos los derechos patrimoniales para los cuales se podr\u00eda proponer su evoluci\u00f3n de un sistema declarativo a otro constitutivo que nos d\u00e9 una mayor agilidad, seguridad y definici\u00f3n de los mismos.\u00a0 Al respecto, recomendamos la lectura de un libro titulado \u201cPor qu\u00e9 fracasan los pa\u00edses\u201d para ir poni\u00e9ndonos a tono con los Valores y Principios para conseguir el desarrollo econ\u00f3mico que nos permita la distribuci\u00f3n de oportunidades en forma tal que podamos impulsar toda nuestra potencialidad.<\/p>\n\n\n\n<p>V\u00eddeo original  <a href=\"https:\/\/www.youtube.com\/watch?v=89zrUcZtd8g\">https:\/\/www.youtube.com\/watch?v=89zrUcZtd8g<\/a><\/p>\n","protected":false},"excerpt":{"rendered":"<p>En Reddeportiva.net opinamos que el punto cr\u00edtico es la carencia de un acuerdo sobre el rol del Estado.\u00a0 Si bien en el campo de la gesti\u00f3n empresarial, su papel puede tener un peso auxiliar y complementario (subsidiario), no se puede negar que el Estado esencialmente tiene un papel que cumplir el cual est\u00e1 ligado a [&hellip;]<\/p>\n","protected":false},"author":1,"featured_media":0,"comment_status":"closed","ping_status":"closed","sticky":false,"template":"","format":"standard","meta":{"_exactmetrics_skip_tracking":false,"_exactmetrics_sitenote_active":false,"_exactmetrics_sitenote_note":"","_exactmetrics_sitenote_category":0,"ngg_post_thumbnail":0,"footnotes":""},"categories":[1278,1431,1391,1362,1281,1331,1190,1334,1269,1241,1430,1243,1223,1441,36,1300,1403,200,1306,1312,1328],"tags":[],"class_list":["post-231550","post","type-post","status-publish","format-standard","hentry","category-accion-politica-proyecciones","category-arquitectura","category-autenticidad-personal","category-colaboracion-personal","category-cronologias-proyecciones","category-dinamicas-personales","category-emprendimientos","category-equidad-personal","category-gestion-proyecciones","category-gobernanza","category-ingenieria","category-institucionalidad","category-mundo-politico","category-planeamiento","category-reddeportiva-net","category-reforma-del-estado","category-reforma-servicios-publicos","category-separata-reddeportiva","category-tolerancia","category-trato-justo","category-tutelaje"],"_links":{"self":[{"href":"https:\/\/reddeportiva.net\/principal\/index.php?rest_route=\/wp\/v2\/posts\/231550","targetHints":{"allow":["GET"]}}],"collection":[{"href":"https:\/\/reddeportiva.net\/principal\/index.php?rest_route=\/wp\/v2\/posts"}],"about":[{"href":"https:\/\/reddeportiva.net\/principal\/index.php?rest_route=\/wp\/v2\/types\/post"}],"author":[{"embeddable":true,"href":"https:\/\/reddeportiva.net\/principal\/index.php?rest_route=\/wp\/v2\/users\/1"}],"replies":[{"embeddable":true,"href":"https:\/\/reddeportiva.net\/principal\/index.php?rest_route=%2Fwp%2Fv2%2Fcomments&post=231550"}],"version-history":[{"count":3,"href":"https:\/\/reddeportiva.net\/principal\/index.php?rest_route=\/wp\/v2\/posts\/231550\/revisions"}],"predecessor-version":[{"id":231562,"href":"https:\/\/reddeportiva.net\/principal\/index.php?rest_route=\/wp\/v2\/posts\/231550\/revisions\/231562"}],"wp:attachment":[{"href":"https:\/\/reddeportiva.net\/principal\/index.php?rest_route=%2Fwp%2Fv2%2Fmedia&parent=231550"}],"wp:term":[{"taxonomy":"category","embeddable":true,"href":"https:\/\/reddeportiva.net\/principal\/index.php?rest_route=%2Fwp%2Fv2%2Fcategories&post=231550"},{"taxonomy":"post_tag","embeddable":true,"href":"https:\/\/reddeportiva.net\/principal\/index.php?rest_route=%2Fwp%2Fv2%2Ftags&post=231550"}],"curies":[{"name":"wp","href":"https:\/\/api.w.org\/{rel}","templated":true}]}}