{"id":231541,"date":"2022-08-19T18:19:52","date_gmt":"2022-08-19T23:19:52","guid":{"rendered":"https:\/\/reddeportiva.net\/principal\/?p=231541"},"modified":"2022-08-19T18:19:56","modified_gmt":"2022-08-19T23:19:56","slug":"plataforma-democratica-19-08-2022-presentacion-del-primer-ministro-en-el-congreso-nacional","status":"publish","type":"post","link":"https:\/\/reddeportiva.net\/principal\/?p=231541","title":{"rendered":"Plataforma Democr\u00e1tica &#8211; 19\/08\/2022 (Presentaci\u00f3n del Primer Ministro en el Congreso Nacional)"},"content":{"rendered":"\n<figure class=\"wp-block-embed is-type-video is-provider-youtube wp-block-embed-youtube wp-embed-aspect-16-9 wp-has-aspect-ratio\"><div class=\"wp-block-embed__wrapper\">\n<iframe loading=\"lazy\" title=\"Plataforma Democr\u00e1tica -  19\/08\/2022\" width=\"625\" height=\"352\" src=\"https:\/\/www.youtube.com\/embed\/tS_-udzuQxA?feature=oembed\" frameborder=\"0\" allow=\"accelerometer; autoplay; clipboard-write; encrypted-media; gyroscope; picture-in-picture; web-share\" referrerpolicy=\"strict-origin-when-cross-origin\" allowfullscreen><\/iframe>\n<\/div><\/figure>\n\n\n\n<p>Les alcanzamos v\u00eddeo que contiene apreciaciones sobre el momento pol\u00edtico nacional las cuales aportan puntos de vista que nos permitir\u00e1n hacer un mejor an\u00e1lisis de la posible evoluci\u00f3n de los acontecimientos por venir, as\u00ed como darnos luces para adoptar mejores y m\u00e1s fundamentadas decisiones cuando acudamos a las \u00e1nforas electorales en una nueva oportunidad.<\/p>\n","protected":false},"excerpt":{"rendered":"<p>Les alcanzamos v\u00eddeo que contiene apreciaciones sobre el momento pol\u00edtico nacional las cuales aportan puntos de vista que nos permitir\u00e1n hacer un mejor an\u00e1lisis de la posible evoluci\u00f3n de los acontecimientos por venir, as\u00ed como darnos luces para adoptar mejores y m\u00e1s fundamentadas decisiones cuando acudamos a las \u00e1nforas electorales en una nueva oportunidad.<\/p>\n","protected":false},"author":1,"featured_media":0,"comment_status":"closed","ping_status":"closed","sticky":false,"template":"","format":"standard","meta":{"_exactmetrics_skip_tracking":false,"_exactmetrics_sitenote_active":false,"_exactmetrics_sitenote_note":"","_exactmetrics_sitenote_category":0,"ngg_post_thumbnail":0,"footnotes":""},"categories":[36,200],"tags":[],"class_list":["post-231541","post","type-post","status-publish","format-standard","hentry","category-reddeportiva-net","category-separata-reddeportiva"],"_links":{"self":[{"href":"https:\/\/reddeportiva.net\/principal\/index.php?rest_route=\/wp\/v2\/posts\/231541","targetHints":{"allow":["GET"]}}],"collection":[{"href":"https:\/\/reddeportiva.net\/principal\/index.php?rest_route=\/wp\/v2\/posts"}],"about":[{"href":"https:\/\/reddeportiva.net\/principal\/index.php?rest_route=\/wp\/v2\/types\/post"}],"author":[{"embeddable":true,"href":"https:\/\/reddeportiva.net\/principal\/index.php?rest_route=\/wp\/v2\/users\/1"}],"replies":[{"embeddable":true,"href":"https:\/\/reddeportiva.net\/principal\/index.php?rest_route=%2Fwp%2Fv2%2Fcomments&post=231541"}],"version-history":[{"count":1,"href":"https:\/\/reddeportiva.net\/principal\/index.php?rest_route=\/wp\/v2\/posts\/231541\/revisions"}],"predecessor-version":[{"id":231542,"href":"https:\/\/reddeportiva.net\/principal\/index.php?rest_route=\/wp\/v2\/posts\/231541\/revisions\/231542"}],"wp:attachment":[{"href":"https:\/\/reddeportiva.net\/principal\/index.php?rest_route=%2Fwp%2Fv2%2Fmedia&parent=231541"}],"wp:term":[{"taxonomy":"category","embeddable":true,"href":"https:\/\/reddeportiva.net\/principal\/index.php?rest_route=%2Fwp%2Fv2%2Fcategories&post=231541"},{"taxonomy":"post_tag","embeddable":true,"href":"https:\/\/reddeportiva.net\/principal\/index.php?rest_route=%2Fwp%2Fv2%2Ftags&post=231541"}],"curies":[{"name":"wp","href":"https:\/\/api.w.org\/{rel}","templated":true}]}}