{"id":231531,"date":"2022-08-17T13:49:43","date_gmt":"2022-08-17T18:49:43","guid":{"rendered":"https:\/\/reddeportiva.net\/principal\/?p=231531"},"modified":"2022-08-17T13:49:47","modified_gmt":"2022-08-17T18:49:47","slug":"polemicas-sobre-reforma-universitaria-el-montonero","status":"publish","type":"post","link":"https:\/\/reddeportiva.net\/principal\/?p=231531","title":{"rendered":"Pol\u00e9micas sobre reforma universitaria  (El Montonero)"},"content":{"rendered":"\n<figure class=\"wp-block-embed is-type-video is-provider-youtube wp-block-embed-youtube wp-embed-aspect-16-9 wp-has-aspect-ratio\"><div class=\"wp-block-embed__wrapper\">\n<iframe loading=\"lazy\" title=\"Pol\u00e9micas sobre reforma universitaria\" width=\"625\" height=\"352\" src=\"https:\/\/www.youtube.com\/embed\/Pj7VRgk55gA?feature=oembed\" frameborder=\"0\" allow=\"accelerometer; autoplay; clipboard-write; encrypted-media; gyroscope; picture-in-picture; web-share\" referrerpolicy=\"strict-origin-when-cross-origin\" allowfullscreen><\/iframe>\n<\/div><\/figure>\n\n\n\n<p>En Reddeportiva.ne queremos reconocer el valor de la opini\u00f3n del constitucionalista Domingo Garc\u00eda Bela\u00fande por su opini\u00f3n tan directa como breve y valiosa para orientar a la opini\u00f3n p\u00fablica en un tema que deber\u00eda recibir la mayor atenci\u00f3n del usuario de los servicios de prensa escrita, difusi\u00f3n electro magn\u00e9tica y digital, en especial por el subrepticio y abusivo empleo de ciertos artificios que pueden pasar desapercibidos para el usuario dudoso o desprevenido que puede no darse cuenta que est\u00e1 siendo v\u00edctima de un abusador profesional que no va a estar en condiciones de reparar el da\u00f1o m\u00e1s o menos permanente al que est\u00e1 dando origen (pensamiento \u00fanico que le dicen).<\/p>\n","protected":false},"excerpt":{"rendered":"<p>En Reddeportiva.ne queremos reconocer el valor de la opini\u00f3n del constitucionalista Domingo Garc\u00eda Bela\u00fande por su opini\u00f3n tan directa como breve y valiosa para orientar a la opini\u00f3n p\u00fablica en un tema que deber\u00eda recibir la mayor atenci\u00f3n del usuario de los servicios de prensa escrita, difusi\u00f3n electro magn\u00e9tica y digital, en especial por el [&hellip;]<\/p>\n","protected":false},"author":1,"featured_media":0,"comment_status":"closed","ping_status":"closed","sticky":false,"template":"","format":"standard","meta":{"_exactmetrics_skip_tracking":false,"_exactmetrics_sitenote_active":false,"_exactmetrics_sitenote_note":"","_exactmetrics_sitenote_category":0,"ngg_post_thumbnail":0,"footnotes":""},"categories":[1315,1278,1321,1376,1339,1322,1307,1325,1309,1241,1401,1319,1243,1286,1237,1405,1223,1343,1361,36,1346,200,1287,1328,1420],"tags":[],"class_list":["post-231531","post","type-post","status-publish","format-standard","hentry","category-abusos-empresariales","category-accion-politica-proyecciones","category-delitos-mediaticos","category-democracia","category-denuncias","category-desinformacion-mediatica","category-estado-de-derecho","category-excesos-del-poder","category-faltas-y-delitos","category-gobernanza","category-hostilizacion","category-ideologizacion","category-institucionalidad","category-integridad","category-libertades","category-manipulacion","category-mundo-politico","category-opresion","category-politico","category-reddeportiva-net","category-represion","category-separata-reddeportiva","category-transparencia","category-tutelaje","category-valor"],"_links":{"self":[{"href":"https:\/\/reddeportiva.net\/principal\/index.php?rest_route=\/wp\/v2\/posts\/231531","targetHints":{"allow":["GET"]}}],"collection":[{"href":"https:\/\/reddeportiva.net\/principal\/index.php?rest_route=\/wp\/v2\/posts"}],"about":[{"href":"https:\/\/reddeportiva.net\/principal\/index.php?rest_route=\/wp\/v2\/types\/post"}],"author":[{"embeddable":true,"href":"https:\/\/reddeportiva.net\/principal\/index.php?rest_route=\/wp\/v2\/users\/1"}],"replies":[{"embeddable":true,"href":"https:\/\/reddeportiva.net\/principal\/index.php?rest_route=%2Fwp%2Fv2%2Fcomments&post=231531"}],"version-history":[{"count":1,"href":"https:\/\/reddeportiva.net\/principal\/index.php?rest_route=\/wp\/v2\/posts\/231531\/revisions"}],"predecessor-version":[{"id":231532,"href":"https:\/\/reddeportiva.net\/principal\/index.php?rest_route=\/wp\/v2\/posts\/231531\/revisions\/231532"}],"wp:attachment":[{"href":"https:\/\/reddeportiva.net\/principal\/index.php?rest_route=%2Fwp%2Fv2%2Fmedia&parent=231531"}],"wp:term":[{"taxonomy":"category","embeddable":true,"href":"https:\/\/reddeportiva.net\/principal\/index.php?rest_route=%2Fwp%2Fv2%2Fcategories&post=231531"},{"taxonomy":"post_tag","embeddable":true,"href":"https:\/\/reddeportiva.net\/principal\/index.php?rest_route=%2Fwp%2Fv2%2Ftags&post=231531"}],"curies":[{"name":"wp","href":"https:\/\/api.w.org\/{rel}","templated":true}]}}