{"id":231413,"date":"2022-07-01T12:37:59","date_gmt":"2022-07-01T17:37:59","guid":{"rendered":"https:\/\/reddeportiva.net\/principal\/?p=231413"},"modified":"2022-07-01T12:38:04","modified_gmt":"2022-07-01T17:38:04","slug":"castillo-sobre-censura-de-un-ministro-lamento-que-en-esta-decision-haya-primado-razones-politicas","status":"publish","type":"post","link":"https:\/\/reddeportiva.net\/principal\/?p=231413","title":{"rendered":"CASTILLO sobre CENSURA (de un Ministro): \u201cLamento que en esta decisi\u00f3n haya primado razones pol\u00edticas\u201d"},"content":{"rendered":"\n<figure class=\"wp-block-embed is-type-video is-provider-youtube wp-block-embed-youtube wp-embed-aspect-16-9 wp-has-aspect-ratio\"><div class=\"wp-block-embed__wrapper\">\n<iframe loading=\"lazy\" title=\"CASTILLO sobre CENSURA: \u201cLamento que en esta decisi\u00f3n haya primado razones pol\u00edticas\u201d\" width=\"625\" height=\"352\" src=\"https:\/\/www.youtube.com\/embed\/-If13VN0bJw?feature=oembed\" frameborder=\"0\" allow=\"accelerometer; autoplay; clipboard-write; encrypted-media; gyroscope; picture-in-picture; web-share\" referrerpolicy=\"strict-origin-when-cross-origin\" allowfullscreen><\/iframe>\n<\/div><\/figure>\n\n\n\n<p>En Reddeportiva.net debemos lamentar que los asesores del Presidente Castillo sigan con la cantaleta impulsada por el \u201cpensamiento \u00fanico\u201d, que cobrara fuerza en los momentos culminantes del ataque a nuestra sociedad por parte de Odebrecht a partir del gobierno de Humala, en que se busc\u00f3 desacreditar las razones pol\u00edticas.\u00a0 Debemos dejar bien en claro que las razones pol\u00edticas son las de m\u00e1s alto nivel en una sociedad y que si no les gusta este terreno lo que corresponde es que lo abandonen y no nos hagan perder el tiempo con sus maniobras de manipulaci\u00f3n en perjuicio de la ciudadan\u00eda y en especial de los m\u00e1s pobres del pa\u00eds; por la falta de compromiso y de transparencia que reflejan las maniobras dilatorias del actual Poder Ejecutivo y de la falta de respeto para con la sociedad de parte de muchos pol\u00edticos.<\/p>\n","protected":false},"excerpt":{"rendered":"<p>En Reddeportiva.net debemos lamentar que los asesores del Presidente Castillo sigan con la cantaleta impulsada por el \u201cpensamiento \u00fanico\u201d, que cobrara fuerza en los momentos culminantes del ataque a nuestra sociedad por parte de Odebrecht a partir del gobierno de Humala, en que se busc\u00f3 desacreditar las razones pol\u00edticas.\u00a0 Debemos dejar bien en claro que [&hellip;]<\/p>\n","protected":false},"author":1,"featured_media":0,"comment_status":"closed","ping_status":"closed","sticky":false,"template":"","format":"standard","meta":{"_exactmetrics_skip_tracking":false,"_exactmetrics_sitenote_active":false,"_exactmetrics_sitenote_note":"","_exactmetrics_sitenote_category":0,"ngg_post_thumbnail":0,"footnotes":""},"categories":[36,200],"tags":[],"class_list":["post-231413","post","type-post","status-publish","format-standard","hentry","category-reddeportiva-net","category-separata-reddeportiva"],"_links":{"self":[{"href":"https:\/\/reddeportiva.net\/principal\/index.php?rest_route=\/wp\/v2\/posts\/231413","targetHints":{"allow":["GET"]}}],"collection":[{"href":"https:\/\/reddeportiva.net\/principal\/index.php?rest_route=\/wp\/v2\/posts"}],"about":[{"href":"https:\/\/reddeportiva.net\/principal\/index.php?rest_route=\/wp\/v2\/types\/post"}],"author":[{"embeddable":true,"href":"https:\/\/reddeportiva.net\/principal\/index.php?rest_route=\/wp\/v2\/users\/1"}],"replies":[{"embeddable":true,"href":"https:\/\/reddeportiva.net\/principal\/index.php?rest_route=%2Fwp%2Fv2%2Fcomments&post=231413"}],"version-history":[{"count":1,"href":"https:\/\/reddeportiva.net\/principal\/index.php?rest_route=\/wp\/v2\/posts\/231413\/revisions"}],"predecessor-version":[{"id":231414,"href":"https:\/\/reddeportiva.net\/principal\/index.php?rest_route=\/wp\/v2\/posts\/231413\/revisions\/231414"}],"wp:attachment":[{"href":"https:\/\/reddeportiva.net\/principal\/index.php?rest_route=%2Fwp%2Fv2%2Fmedia&parent=231413"}],"wp:term":[{"taxonomy":"category","embeddable":true,"href":"https:\/\/reddeportiva.net\/principal\/index.php?rest_route=%2Fwp%2Fv2%2Fcategories&post=231413"},{"taxonomy":"post_tag","embeddable":true,"href":"https:\/\/reddeportiva.net\/principal\/index.php?rest_route=%2Fwp%2Fv2%2Ftags&post=231413"}],"curies":[{"name":"wp","href":"https:\/\/api.w.org\/{rel}","templated":true}]}}