{"id":230877,"date":"2022-04-14T16:30:33","date_gmt":"2022-04-14T21:30:33","guid":{"rendered":"https:\/\/reddeportiva.net\/principal\/?p=230877"},"modified":"2022-04-14T16:30:36","modified_gmt":"2022-04-14T21:30:36","slug":"cardenal-barreto-afirma-que-pedro-castillo-dara-un-cambio-radical-en-su-ejercicio-de-la-politica","status":"publish","type":"post","link":"https:\/\/reddeportiva.net\/principal\/?p=230877","title":{"rendered":"Cardenal Barreto afirma que Pedro Castillo dar\u00e1 un \u00abcambio radical en su ejercicio de la pol\u00edtica\u00bb"},"content":{"rendered":"\n<figure class=\"wp-block-embed is-type-video is-provider-youtube wp-block-embed-youtube wp-embed-aspect-16-9 wp-has-aspect-ratio\"><div class=\"wp-block-embed__wrapper\">\n<iframe loading=\"lazy\" title=\"Cardenal Barreto afirma que Pedro Castillo dar\u00e1 un &quot;cambio radical en su ejercicio de la pol\u00edtica&quot;\" width=\"625\" height=\"352\" src=\"https:\/\/www.youtube.com\/embed\/998Ngoy3uTM?feature=oembed\" frameborder=\"0\" allow=\"accelerometer; autoplay; clipboard-write; encrypted-media; gyroscope; picture-in-picture; web-share\" referrerpolicy=\"strict-origin-when-cross-origin\" allowfullscreen><\/iframe>\n<\/div><\/figure>\n\n\n\n<p>Cardenal Barret tras reuni\u00f3n con Pedro Castillo: \u00ab\u00c9l asumir\u00e1 m\u00e1s plenamente su misi\u00f3n de Presidente\u00bb<\/p>\n\n\n\n<figure class=\"wp-block-embed is-type-video is-provider-youtube wp-block-embed-youtube wp-embed-aspect-16-9 wp-has-aspect-ratio\"><div class=\"wp-block-embed__wrapper\">\n<iframe loading=\"lazy\" title=\"Cardenal Barreto tras reuni\u00f3n con Pedro Castillo: &quot;\u00c9l asumir\u00e1 plenamente su misi\u00f3n de Presidente&quot;\" width=\"625\" height=\"352\" src=\"https:\/\/www.youtube.com\/embed\/EXbQEXfGDT4?feature=oembed\" frameborder=\"0\" allow=\"accelerometer; autoplay; clipboard-write; encrypted-media; gyroscope; picture-in-picture; web-share\" referrerpolicy=\"strict-origin-when-cross-origin\" allowfullscreen><\/iframe>\n<\/div><\/figure>\n","protected":false},"excerpt":{"rendered":"<p>Cardenal Barret tras reuni\u00f3n con Pedro Castillo: \u00ab\u00c9l asumir\u00e1 m\u00e1s plenamente su misi\u00f3n de Presidente\u00bb<\/p>\n","protected":false},"author":1,"featured_media":0,"comment_status":"closed","ping_status":"closed","sticky":false,"template":"","format":"standard","meta":{"_exactmetrics_skip_tracking":false,"_exactmetrics_sitenote_active":false,"_exactmetrics_sitenote_note":"","_exactmetrics_sitenote_category":0,"ngg_post_thumbnail":0,"footnotes":""},"categories":[36],"tags":[],"class_list":["post-230877","post","type-post","status-publish","format-standard","hentry","category-reddeportiva-net"],"_links":{"self":[{"href":"https:\/\/reddeportiva.net\/principal\/index.php?rest_route=\/wp\/v2\/posts\/230877","targetHints":{"allow":["GET"]}}],"collection":[{"href":"https:\/\/reddeportiva.net\/principal\/index.php?rest_route=\/wp\/v2\/posts"}],"about":[{"href":"https:\/\/reddeportiva.net\/principal\/index.php?rest_route=\/wp\/v2\/types\/post"}],"author":[{"embeddable":true,"href":"https:\/\/reddeportiva.net\/principal\/index.php?rest_route=\/wp\/v2\/users\/1"}],"replies":[{"embeddable":true,"href":"https:\/\/reddeportiva.net\/principal\/index.php?rest_route=%2Fwp%2Fv2%2Fcomments&post=230877"}],"version-history":[{"count":1,"href":"https:\/\/reddeportiva.net\/principal\/index.php?rest_route=\/wp\/v2\/posts\/230877\/revisions"}],"predecessor-version":[{"id":230878,"href":"https:\/\/reddeportiva.net\/principal\/index.php?rest_route=\/wp\/v2\/posts\/230877\/revisions\/230878"}],"wp:attachment":[{"href":"https:\/\/reddeportiva.net\/principal\/index.php?rest_route=%2Fwp%2Fv2%2Fmedia&parent=230877"}],"wp:term":[{"taxonomy":"category","embeddable":true,"href":"https:\/\/reddeportiva.net\/principal\/index.php?rest_route=%2Fwp%2Fv2%2Fcategories&post=230877"},{"taxonomy":"post_tag","embeddable":true,"href":"https:\/\/reddeportiva.net\/principal\/index.php?rest_route=%2Fwp%2Fv2%2Ftags&post=230877"}],"curies":[{"name":"wp","href":"https:\/\/api.w.org\/{rel}","templated":true}]}}