{"id":229869,"date":"2022-03-29T16:09:56","date_gmt":"2022-03-29T21:09:56","guid":{"rendered":"https:\/\/reddeportiva.net\/principal\/?p=229869"},"modified":"2022-04-01T12:47:37","modified_gmt":"2022-04-01T17:47:37","slug":"no-hay-peor-ciego-que-el-que-no-quiere-ver","status":"publish","type":"post","link":"https:\/\/reddeportiva.net\/principal\/?p=229869","title":{"rendered":"No hay peor ciego que el que no quiere ver."},"content":{"rendered":"\n<p>29\/03\/2022<\/p>\n\n\n\n<p>En Reddeportiva.net queremos insistir en que s\u00f3lo podremos encontrar una soluci\u00f3n para superar la perniciosa encrucijada en que nos encontramos, cuando nuestra sociedad en su gran mayor\u00eda reconozca la ineludible&nbsp; necesidad que tenemos de manejar un sistema de conceptos que nos permita una correcta evaluaci\u00f3n de las conductas, en especial de aquellas que exigen gran calidad humana, mucha sensibilidad para poder apreciar la esperanza de un pueblo, as\u00ed como la espec\u00edfica capacidad para poder evaluar los factores que intervienen en la mejora continua de las interacciones humanas.&nbsp; Se trata de tomar una clara conciencia de lo que es el mundo de la moral y de la importancia que tiene la dimensi\u00f3n \u00e9tica para mantener una vida civilizada en cualquier sociedad humana.<\/p>\n\n\n\n<p>El hecho que en el Congreso Nacional no se haya podido vacar a Pedro Castillo el d\u00eda de ayer se debe claramente a la falta de experiencia vital que impide, tanto a nuestros congresistas como a un gran porcentaje de los ciudadanos, el darse cuenta de lo importante que es para toda sociedad el estar en la capacidad de identificar lo que requerimos para elevar tanto el entendimiento del momento que se est\u00e1 viviendo, como la identificaci\u00f3n de los objetivos generadores del bien com\u00fan.&nbsp; Se trata de conseguir comportamientos inteligentes y maduros que dado lo visto en el Congreso Nacional, nos vamos a ver obligados a trabajar arduamente en el corto plazo por un tiempo dif\u00edcil de prever, pero que todo hace pensar que cualquier demora incrementar\u00e1 el sufrimiento del pueblo, porque quienes han triunfado en esta primera vuelta han sido las personas de dudosa calidad moral que les impide apreciar la necesidad de aceptar, seguir y conservar una escala de Valores y Principios libres del doble comportamiento, &nbsp;de todo ego\u00edsmo y de la soberbia que impiden ver los defectos de nuestros comportamientos y por lo tanto de las medidas correctivas necesarias para mejorar las condiciones del bienestar social.<\/p>\n\n\n\n<p>Con lo dicho, no estamos afirmando que quienes votaron en contra de la propuesta de vacancia est\u00e9n equivocados, ni quienes presentaron la propuesta hicieran un trabajo inmejorable.&nbsp; Nos estamos refiriendo a los argumentos que se vertieron a la hora del debate y lo poco ilustrativo que resultaban para la opini\u00f3n p\u00fablica, por cuanto se perdi\u00f3 una importante oportunidad de enaltecer lo que conven\u00eda a nuestra sociedad y de reforzar la convicci\u00f3n de que realmente tenemos por delante un futuro mejor.<\/p>\n\n\n\n<p>Puede ser que estemos equivocados en Reddeportiva.net y mucho nos gustar\u00eda que pudi\u00e9ramos trabajar para no llegar a la siguiente previsi\u00f3n de: que la unidad de la Naci\u00f3n y la mutua confianza se han debilitado con los \u00faltimos acontecimientos; que seguimos perdiendo terreno en las habilidades para una mejor gesti\u00f3n del Estado y sus servicios; y, lo que es m\u00e1s grave, es previsible que se profundicen las diferencias sociales a trav\u00e9s de un distanciamiento territorial que nos lleve a una econom\u00eda de enclaves, abandonando el camino de una sociedad solidaria que mal que bien estuvimos tratando de construir.&nbsp; Desde nuestro punto de vista, ese distanciamiento har\u00e1 tangible la importancia de los Valores y Principios porque vamos a poder apreciar que el progreso se identifica mejor con la consolidaci\u00f3n de las libertades, la solidaridad, el respeto y la transparencia.<\/p>\n\n\n\n<p>Con el cari\u00f1o de siempre,<\/p>\n\n\n\n<p>Notas anteriores sobre el tema: <a href=\"https:\/\/reddeportiva.net\/principal\/?cat=200\">https:\/\/reddeportiva.net\/principal\/?cat=200<\/a>&nbsp;&nbsp;&nbsp;&nbsp;&nbsp;<\/p>\n","protected":false},"excerpt":{"rendered":"<p>29\/03\/2022 En Reddeportiva.net queremos insistir en que s\u00f3lo podremos encontrar una soluci\u00f3n para superar la perniciosa encrucijada en que nos encontramos, cuando nuestra sociedad en su gran mayor\u00eda reconozca la ineludible&nbsp; necesidad que tenemos de manejar un sistema de conceptos que nos permita una correcta evaluaci\u00f3n de las conductas, en especial de aquellas que exigen [&hellip;]<\/p>\n","protected":false},"author":1,"featured_media":0,"comment_status":"closed","ping_status":"closed","sticky":false,"template":"","format":"standard","meta":{"_exactmetrics_skip_tracking":false,"_exactmetrics_sitenote_active":false,"_exactmetrics_sitenote_note":"","_exactmetrics_sitenote_category":0,"ngg_post_thumbnail":0,"footnotes":""},"categories":[36,200],"tags":[],"class_list":["post-229869","post","type-post","status-publish","format-standard","hentry","category-reddeportiva-net","category-separata-reddeportiva"],"_links":{"self":[{"href":"https:\/\/reddeportiva.net\/principal\/index.php?rest_route=\/wp\/v2\/posts\/229869","targetHints":{"allow":["GET"]}}],"collection":[{"href":"https:\/\/reddeportiva.net\/principal\/index.php?rest_route=\/wp\/v2\/posts"}],"about":[{"href":"https:\/\/reddeportiva.net\/principal\/index.php?rest_route=\/wp\/v2\/types\/post"}],"author":[{"embeddable":true,"href":"https:\/\/reddeportiva.net\/principal\/index.php?rest_route=\/wp\/v2\/users\/1"}],"replies":[{"embeddable":true,"href":"https:\/\/reddeportiva.net\/principal\/index.php?rest_route=%2Fwp%2Fv2%2Fcomments&post=229869"}],"version-history":[{"count":5,"href":"https:\/\/reddeportiva.net\/principal\/index.php?rest_route=\/wp\/v2\/posts\/229869\/revisions"}],"predecessor-version":[{"id":230036,"href":"https:\/\/reddeportiva.net\/principal\/index.php?rest_route=\/wp\/v2\/posts\/229869\/revisions\/230036"}],"wp:attachment":[{"href":"https:\/\/reddeportiva.net\/principal\/index.php?rest_route=%2Fwp%2Fv2%2Fmedia&parent=229869"}],"wp:term":[{"taxonomy":"category","embeddable":true,"href":"https:\/\/reddeportiva.net\/principal\/index.php?rest_route=%2Fwp%2Fv2%2Fcategories&post=229869"},{"taxonomy":"post_tag","embeddable":true,"href":"https:\/\/reddeportiva.net\/principal\/index.php?rest_route=%2Fwp%2Fv2%2Ftags&post=229869"}],"curies":[{"name":"wp","href":"https:\/\/api.w.org\/{rel}","templated":true}]}}