{"id":229537,"date":"2022-03-25T13:02:01","date_gmt":"2022-03-25T18:02:01","guid":{"rendered":"https:\/\/reddeportiva.net\/principal\/?p=229537"},"modified":"2022-03-25T13:02:05","modified_gmt":"2022-03-25T18:02:05","slug":"consagracion-de-rusia-y-ucrania-al-inmaculado-corazon-de-maria-con-el-santo-padre","status":"publish","type":"post","link":"https:\/\/reddeportiva.net\/principal\/?p=229537","title":{"rendered":"Consagraci\u00f3n de Rusia y Ucrania al Inmaculado Coraz\u00f3n de Mar\u00eda con el Santo Padre"},"content":{"rendered":"\n<figure class=\"wp-block-embed is-type-video is-provider-youtube wp-block-embed-youtube wp-embed-aspect-16-9 wp-has-aspect-ratio\"><div class=\"wp-block-embed__wrapper\">\n<iframe loading=\"lazy\" title=\"Consagraci\u00f3n de Rusia y Ucrania al Inmaculado Coraz\u00f3n de Mar\u00eda  con el Santo Padre\" width=\"625\" height=\"352\" src=\"https:\/\/www.youtube.com\/embed\/KiOBzxUW3Ic?feature=oembed\" frameborder=\"0\" allow=\"accelerometer; autoplay; clipboard-write; encrypted-media; gyroscope; picture-in-picture; web-share\" referrerpolicy=\"strict-origin-when-cross-origin\" allowfullscreen><\/iframe>\n<\/div><\/figure>\n","protected":false},"excerpt":{"rendered":"","protected":false},"author":1,"featured_media":0,"comment_status":"closed","ping_status":"closed","sticky":false,"template":"","format":"standard","meta":{"_exactmetrics_skip_tracking":false,"_exactmetrics_sitenote_active":false,"_exactmetrics_sitenote_note":"","_exactmetrics_sitenote_category":0,"ngg_post_thumbnail":0,"footnotes":""},"categories":[1295,1370,1294,1252,1274,1224,1287],"tags":[],"class_list":["post-229537","post","type-post","status-publish","format-standard","hentry","category-compromisos","category-humanismo","category-organizacion-moral-proyecciones","category-respeto","category-responsabilidad","category-solidaridad","category-transparencia"],"_links":{"self":[{"href":"https:\/\/reddeportiva.net\/principal\/index.php?rest_route=\/wp\/v2\/posts\/229537","targetHints":{"allow":["GET"]}}],"collection":[{"href":"https:\/\/reddeportiva.net\/principal\/index.php?rest_route=\/wp\/v2\/posts"}],"about":[{"href":"https:\/\/reddeportiva.net\/principal\/index.php?rest_route=\/wp\/v2\/types\/post"}],"author":[{"embeddable":true,"href":"https:\/\/reddeportiva.net\/principal\/index.php?rest_route=\/wp\/v2\/users\/1"}],"replies":[{"embeddable":true,"href":"https:\/\/reddeportiva.net\/principal\/index.php?rest_route=%2Fwp%2Fv2%2Fcomments&post=229537"}],"version-history":[{"count":1,"href":"https:\/\/reddeportiva.net\/principal\/index.php?rest_route=\/wp\/v2\/posts\/229537\/revisions"}],"predecessor-version":[{"id":229538,"href":"https:\/\/reddeportiva.net\/principal\/index.php?rest_route=\/wp\/v2\/posts\/229537\/revisions\/229538"}],"wp:attachment":[{"href":"https:\/\/reddeportiva.net\/principal\/index.php?rest_route=%2Fwp%2Fv2%2Fmedia&parent=229537"}],"wp:term":[{"taxonomy":"category","embeddable":true,"href":"https:\/\/reddeportiva.net\/principal\/index.php?rest_route=%2Fwp%2Fv2%2Fcategories&post=229537"},{"taxonomy":"post_tag","embeddable":true,"href":"https:\/\/reddeportiva.net\/principal\/index.php?rest_route=%2Fwp%2Fv2%2Ftags&post=229537"}],"curies":[{"name":"wp","href":"https:\/\/api.w.org\/{rel}","templated":true}]}}