{"id":229531,"date":"2024-04-20T21:51:37","date_gmt":"2024-04-21T02:51:37","guid":{"rendered":"https:\/\/reddeportiva.net\/principal\/?p=229531"},"modified":"2024-04-20T21:51:38","modified_gmt":"2024-04-21T02:51:38","slug":"homilia-del-papa-en-la-ceremonia-penitencial-y-consagracion-de-rusia-y-ucrania-a-maria-2","status":"publish","type":"post","link":"https:\/\/reddeportiva.net\/principal\/?p=229531","title":{"rendered":"Homil\u00eda del Papa en la ceremonia penitencial y consagraci\u00f3n de Rusia y Ucrania a Mar\u00eda"},"content":{"rendered":"\n<figure class=\"wp-block-embed is-type-video is-provider-youtube wp-block-embed-youtube wp-embed-aspect-16-9 wp-has-aspect-ratio\"><div class=\"wp-block-embed__wrapper\">\n<iframe loading=\"lazy\" title=\"Homil\u00eda del Papa en la ceremonia penitencial y consagraci\u00f3n de Rusia y Ucrania a Mar\u00eda\" width=\"625\" height=\"352\" src=\"https:\/\/www.youtube.com\/embed\/6dmXS2dgi6E?feature=oembed\" frameborder=\"0\" allow=\"accelerometer; autoplay; clipboard-write; encrypted-media; gyroscope; picture-in-picture; web-share\" referrerpolicy=\"strict-origin-when-cross-origin\" allowfullscreen><\/iframe>\n<\/div><\/figure>\n","protected":false},"excerpt":{"rendered":"","protected":false},"author":1,"featured_media":0,"comment_status":"closed","ping_status":"closed","sticky":false,"template":"","format":"standard","meta":{"_exactmetrics_skip_tracking":false,"_exactmetrics_sitenote_active":false,"_exactmetrics_sitenote_note":"","_exactmetrics_sitenote_category":0,"ngg_post_thumbnail":0,"footnotes":""},"categories":[1357,1275,1295,1419,1202,1417,1370,1425,1223,1291,1294,1353,1354,1404,1349,779,273,1252,1274,1356,1224,1306,1287,1312,1355],"tags":[],"class_list":["post-229531","post","type-post","status-publish","format-standard","hentry","category-alemania-proyecciones-multilateralismo","category-civismo-proyecciones","category-compromisos","category-desplazados-europeos","category-geopolitica-proyecciones","category-global-britain","category-humanismo","category-integracion-cultural","category-mundo-politico","category-organizacion-internacional-proyecciones","category-organizacion-moral-proyecciones","category-organizacion-multilateralismo-proyecciones","category-otan","category-poderes-mundiales","category-primacia-de-la-realidad","category-proyecciones","category-proyecciones-refugiados","category-respeto","category-responsabilidad","category-rusia-proyecciones-multilateralismo","category-solidaridad","category-tolerancia","category-transparencia","category-trato-justo","category-turquia"],"_links":{"self":[{"href":"https:\/\/reddeportiva.net\/principal\/index.php?rest_route=\/wp\/v2\/posts\/229531","targetHints":{"allow":["GET"]}}],"collection":[{"href":"https:\/\/reddeportiva.net\/principal\/index.php?rest_route=\/wp\/v2\/posts"}],"about":[{"href":"https:\/\/reddeportiva.net\/principal\/index.php?rest_route=\/wp\/v2\/types\/post"}],"author":[{"embeddable":true,"href":"https:\/\/reddeportiva.net\/principal\/index.php?rest_route=\/wp\/v2\/users\/1"}],"replies":[{"embeddable":true,"href":"https:\/\/reddeportiva.net\/principal\/index.php?rest_route=%2Fwp%2Fv2%2Fcomments&post=229531"}],"version-history":[{"count":2,"href":"https:\/\/reddeportiva.net\/principal\/index.php?rest_route=\/wp\/v2\/posts\/229531\/revisions"}],"predecessor-version":[{"id":240941,"href":"https:\/\/reddeportiva.net\/principal\/index.php?rest_route=\/wp\/v2\/posts\/229531\/revisions\/240941"}],"wp:attachment":[{"href":"https:\/\/reddeportiva.net\/principal\/index.php?rest_route=%2Fwp%2Fv2%2Fmedia&parent=229531"}],"wp:term":[{"taxonomy":"category","embeddable":true,"href":"https:\/\/reddeportiva.net\/principal\/index.php?rest_route=%2Fwp%2Fv2%2Fcategories&post=229531"},{"taxonomy":"post_tag","embeddable":true,"href":"https:\/\/reddeportiva.net\/principal\/index.php?rest_route=%2Fwp%2Fv2%2Ftags&post=229531"}],"curies":[{"name":"wp","href":"https:\/\/api.w.org\/{rel}","templated":true}]}}