{"id":228349,"date":"2022-03-06T14:10:24","date_gmt":"2022-03-06T19:10:24","guid":{"rendered":"https:\/\/reddeportiva.net\/principal\/?p=228349"},"modified":"2022-03-29T16:10:33","modified_gmt":"2022-03-29T21:10:33","slug":"diagnostico-errado-en-la-politica-peruana","status":"publish","type":"post","link":"https:\/\/reddeportiva.net\/principal\/?p=228349","title":{"rendered":"Diagn\u00f3stico errado en la pol\u00edtica peruana"},"content":{"rendered":"\n<p>6\/03\/2022<\/p>\n\n\n\n<p>En Reddeportiva.net opinamos que un gran sector de la ciudadan\u00eda incurre en un importante error de diagn\u00f3stico sobre la pol\u00edtica peruana cuando concede al actual gobierno del Per\u00fa la condici\u00f3n de movimiento genuinamente pol\u00edtico.&nbsp; Desde nuestro punto de vista, la esencia de nuestro actual gobierno es totalmente distinta a lo que debe ser con el fin de garantizar su idoneidad, dejando sin justificaci\u00f3n alguna su permanencia en el ejercicio leg\u00edtimo del poder pol\u00edtico.&nbsp; El momento actual nos hace imaginar una situaci\u00f3n similar a la de la f\u00e1bula en que el lobo se disfraza de oveja pretendiendo enga\u00f1ar al pastor.&nbsp; Sucede que en nuestro caso, muy pronto han salido a relucir las garras y la cola; por lo que estamos advertidos que la boca es muy grande y los dientes muy filudos, lo que nos hace pensar que est\u00e1n preparados \u201cpara comernos mejor\u201d, en especial cuando ya se ha cumplido con dar el primer paso en la direcci\u00f3n se\u00f1alada por cooperantes internacionales que requieren la destrucci\u00f3n de los fundamentos Constitucionales de nuestra Patria, al haberse emitido declaraciones p\u00fablicas contrarias al Esp\u00edritu Patri\u00f3tico, generando inequ\u00edvocamente compromisos internacionales los cuales requieren ser rectificados a tiempo.<\/p>\n\n\n\n<p>Para Reddeportiva.net, la actual crisis que estamos viviendo tiene su origen en un ataque a la sociedad peruana con fines pol\u00edticos perpetrado desde el poder por la alianza de una plutocracia que se uniera con otro grupo reconocido como practicante del doble patr\u00f3n de conducta.&nbsp; Este ataque, potenciado con el uso de recursos del Estado, alcanz\u00f3 niveles de abuso y violencia sin precedentes en nuestra historia en raz\u00f3n de la utilizaci\u00f3n de modernos m\u00e9todos de manipulaci\u00f3n medi\u00e1tica que sobrepasaron todas las defensas dejando a nuestra sociedad en una total indefensi\u00f3n y expuesta al peligro de desaparecer, como nunca lo estuvo en el pasado.<\/p>\n\n\n\n<p>La controversia pol\u00edtica y la defensa de la sociedad en que vivimos causaron un desgaste del tejido social muy profundo y un deterioro de la confianza en nuestro destino que elimin\u00f3 toda opci\u00f3n de un proceso pol\u00edtico y electoral equilibrado, en especial cuando se impuso un artero plan de gran envergadura que abarc\u00f3 desde la neutralizaci\u00f3n del Ministerio P\u00fablico hasta la destrucci\u00f3n de la administraci\u00f3n de la Magistratura nacional, pasando por la obstaculizaci\u00f3n de la marcha del Tribunal Constitucional y la distorsi\u00f3n del funcionamiento del Jurado Nacional de Elecciones, entre otras anomal\u00edas que ser\u00eda largo enumerar.<\/p>\n\n\n\n<p>Es en estas circunstancias que se presenta la oportunidad para grupos oportunistas que no pensaron en compromisos pol\u00edticos elevados ni en las responsabilidades que representaba el asumir los roles de autoridades de gobierno; sino por el contrario, se concentraron en favorecer sus actividades econ\u00f3micas marginales con apoyo econ\u00f3mico de terceros y con el fin de superar ante la opini\u00f3n p\u00fablica el d\u00e9ficit de vocaci\u00f3n de servicio que se les pudo haber observado, lo que resultaba m\u00e1s injustificable si los recursos financieros ten\u00edan origen il\u00edcito al ser generados por organizaciones dedicadas a actividades que calificaban como faltas o delitos, invalidando sus pretensiones de participar en la vida pol\u00edtica de la Naci\u00f3n al desnaturalizar los actos que deb\u00edan ser en favor de los objetivos e intereses nacionales y que la ciudadan\u00eda esperaba sean cumplidos por quienes asumir\u00edan dichas funciones.<\/p>\n\n\n\n<p>Es por eso que la poblaci\u00f3n no est\u00e1 convencida de la legitimidad del presente gobierno, mostr\u00e1ndose como contraria a las reales propuestas del gobierno y a las autoridades nombradas o propuestas para ocupar puestos de alta responsabilidad, las cuales no califican para enfrentar las responsabilidades que generan los puestos para los cuales son propuestas y solo son capaces de producir desperdicio de recursos, da\u00f1o por malas decisiones, extra\u00f1as vinculaciones y otras complicaciones que generan profunda animadversi\u00f3n general.<\/p>\n\n\n\n<p>Ante lo expuesto, debe quedar claro para el lector de la presente nota que, quienes est\u00e1n desempe\u00f1ando las funciones de gesti\u00f3n de la m\u00e1s alta jerarqu\u00eda en nuestro pa\u00eds, no se encuentran premunidos en su naturaleza de la capacidad para desempe\u00f1ar las responsabilidades a las cuales han tenido acceso con enga\u00f1os.&nbsp; Este argumento no ser\u00eda suficiente de no haberse producido las declaraciones arriba denunciadas y que ponen en evidencia el disfraz utilizado para llegar en forma desleal y fuera del normal ejercicio de los supuestos que la Constituci\u00f3n misma se\u00f1ala como deberes indeclinables para el cumplimiento y el desempe\u00f1o de tan altas responsabilidades.<\/p>\n\n\n\n<p>Esperando que el Congreso Nacional alcance a tomar la decisi\u00f3n que tanto necesita el Per\u00fa de corregir el abuso impuesto a un pa\u00eds generoso, luego de cumplido con el debido proceso, nos despedimos.<\/p>\n\n\n\n<p>Con el cari\u00f1o de siempre,<\/p>\n\n\n\n<p>Notas anteriores sobre el tema: <a href=\"https:\/\/reddeportiva.net\/principal\/?cat=200\">https:\/\/reddeportiva.net\/principal\/?cat=200<\/a>&nbsp;&nbsp;&nbsp;&nbsp;&nbsp;<\/p>\n","protected":false},"excerpt":{"rendered":"<p>6\/03\/2022 En Reddeportiva.net opinamos que un gran sector de la ciudadan\u00eda incurre en un importante error de diagn\u00f3stico sobre la pol\u00edtica peruana cuando concede al actual gobierno del Per\u00fa la condici\u00f3n de movimiento genuinamente pol\u00edtico.&nbsp; Desde nuestro punto de vista, la esencia de nuestro actual gobierno es totalmente distinta a lo que debe ser con [&hellip;]<\/p>\n","protected":false},"author":1,"featured_media":0,"comment_status":"closed","ping_status":"closed","sticky":false,"template":"","format":"standard","meta":{"_exactmetrics_skip_tracking":false,"_exactmetrics_sitenote_active":false,"_exactmetrics_sitenote_note":"","_exactmetrics_sitenote_category":0,"ngg_post_thumbnail":0,"footnotes":""},"categories":[36,200],"tags":[],"class_list":["post-228349","post","type-post","status-publish","format-standard","hentry","category-reddeportiva-net","category-separata-reddeportiva"],"_links":{"self":[{"href":"https:\/\/reddeportiva.net\/principal\/index.php?rest_route=\/wp\/v2\/posts\/228349","targetHints":{"allow":["GET"]}}],"collection":[{"href":"https:\/\/reddeportiva.net\/principal\/index.php?rest_route=\/wp\/v2\/posts"}],"about":[{"href":"https:\/\/reddeportiva.net\/principal\/index.php?rest_route=\/wp\/v2\/types\/post"}],"author":[{"embeddable":true,"href":"https:\/\/reddeportiva.net\/principal\/index.php?rest_route=\/wp\/v2\/users\/1"}],"replies":[{"embeddable":true,"href":"https:\/\/reddeportiva.net\/principal\/index.php?rest_route=%2Fwp%2Fv2%2Fcomments&post=228349"}],"version-history":[{"count":1,"href":"https:\/\/reddeportiva.net\/principal\/index.php?rest_route=\/wp\/v2\/posts\/228349\/revisions"}],"predecessor-version":[{"id":228350,"href":"https:\/\/reddeportiva.net\/principal\/index.php?rest_route=\/wp\/v2\/posts\/228349\/revisions\/228350"}],"wp:attachment":[{"href":"https:\/\/reddeportiva.net\/principal\/index.php?rest_route=%2Fwp%2Fv2%2Fmedia&parent=228349"}],"wp:term":[{"taxonomy":"category","embeddable":true,"href":"https:\/\/reddeportiva.net\/principal\/index.php?rest_route=%2Fwp%2Fv2%2Fcategories&post=228349"},{"taxonomy":"post_tag","embeddable":true,"href":"https:\/\/reddeportiva.net\/principal\/index.php?rest_route=%2Fwp%2Fv2%2Ftags&post=228349"}],"curies":[{"name":"wp","href":"https:\/\/api.w.org\/{rel}","templated":true}]}}