{"id":227882,"date":"2022-02-24T18:30:50","date_gmt":"2022-02-24T23:30:50","guid":{"rendered":"https:\/\/reddeportiva.net\/principal\/?p=227882"},"modified":"2022-02-24T18:30:53","modified_gmt":"2022-02-24T23:30:53","slug":"peru-tiene-casi-12-mil-hectareas-de-arandanos-supero-a-chile-en-exportacion","status":"publish","type":"post","link":"https:\/\/reddeportiva.net\/principal\/?p=227882","title":{"rendered":"\u00a1\u00a1Per\u00fa tiene casi 12 mil hect\u00e1reas de ar\u00e1ndanos!! Super\u00f3 a Chile en exportaci\u00f3n"},"content":{"rendered":"\n<figure class=\"wp-block-embed is-type-video is-provider-youtube wp-block-embed-youtube wp-embed-aspect-16-9 wp-has-aspect-ratio\"><div class=\"wp-block-embed__wrapper\">\n<iframe loading=\"lazy\" title=\"\u00a1\u00a1Per\u00fa tiene casi 12 mil hect\u00e1reas de ar\u00e1ndanos!! Super\u00f3 a Chile en exportaci\u00f3n\" width=\"625\" height=\"352\" src=\"https:\/\/www.youtube.com\/embed\/MzAsdTTB4G8?feature=oembed\" frameborder=\"0\" allow=\"accelerometer; autoplay; clipboard-write; encrypted-media; gyroscope; picture-in-picture; web-share\" referrerpolicy=\"strict-origin-when-cross-origin\" allowfullscreen><\/iframe>\n<\/div><\/figure>\n","protected":false},"excerpt":{"rendered":"","protected":false},"author":1,"featured_media":0,"comment_status":"closed","ping_status":"closed","sticky":false,"template":"","format":"standard","meta":{"_exactmetrics_skip_tracking":false,"_exactmetrics_sitenote_active":false,"_exactmetrics_sitenote_note":"","_exactmetrics_sitenote_category":0,"ngg_post_thumbnail":0,"footnotes":""},"categories":[1229,36],"tags":[],"class_list":["post-227882","post","type-post","status-publish","format-standard","hentry","category-agricultura-produccion-proyecciones","category-reddeportiva-net"],"_links":{"self":[{"href":"https:\/\/reddeportiva.net\/principal\/index.php?rest_route=\/wp\/v2\/posts\/227882","targetHints":{"allow":["GET"]}}],"collection":[{"href":"https:\/\/reddeportiva.net\/principal\/index.php?rest_route=\/wp\/v2\/posts"}],"about":[{"href":"https:\/\/reddeportiva.net\/principal\/index.php?rest_route=\/wp\/v2\/types\/post"}],"author":[{"embeddable":true,"href":"https:\/\/reddeportiva.net\/principal\/index.php?rest_route=\/wp\/v2\/users\/1"}],"replies":[{"embeddable":true,"href":"https:\/\/reddeportiva.net\/principal\/index.php?rest_route=%2Fwp%2Fv2%2Fcomments&post=227882"}],"version-history":[{"count":1,"href":"https:\/\/reddeportiva.net\/principal\/index.php?rest_route=\/wp\/v2\/posts\/227882\/revisions"}],"predecessor-version":[{"id":227883,"href":"https:\/\/reddeportiva.net\/principal\/index.php?rest_route=\/wp\/v2\/posts\/227882\/revisions\/227883"}],"wp:attachment":[{"href":"https:\/\/reddeportiva.net\/principal\/index.php?rest_route=%2Fwp%2Fv2%2Fmedia&parent=227882"}],"wp:term":[{"taxonomy":"category","embeddable":true,"href":"https:\/\/reddeportiva.net\/principal\/index.php?rest_route=%2Fwp%2Fv2%2Fcategories&post=227882"},{"taxonomy":"post_tag","embeddable":true,"href":"https:\/\/reddeportiva.net\/principal\/index.php?rest_route=%2Fwp%2Fv2%2Ftags&post=227882"}],"curies":[{"name":"wp","href":"https:\/\/api.w.org\/{rel}","templated":true}]}}