{"id":227278,"date":"2022-02-12T20:14:26","date_gmt":"2022-02-13T01:14:26","guid":{"rendered":"https:\/\/reddeportiva.net\/principal\/?p=227278"},"modified":"2022-02-12T20:14:30","modified_gmt":"2022-02-13T01:14:30","slug":"comentario-ned-hernan-condori-no-respondio-el-arsenal-de-denuncias-que-pesan-sobre-el","status":"publish","type":"post","link":"https:\/\/reddeportiva.net\/principal\/?p=227278","title":{"rendered":"Comentario NED: \u201c\u201cHern\u00e1n Condori no respondi\u00f3 el arsenal de denuncias que pesan sobre \u00e9l\u201d"},"content":{"rendered":"\n<figure class=\"wp-block-embed is-type-video is-provider-youtube wp-block-embed-youtube wp-embed-aspect-16-9 wp-has-aspect-ratio\"><div class=\"wp-block-embed__wrapper\">\n<iframe loading=\"lazy\" title=\"Comentario NED: \u201c\u201cHern\u00e1n Condori no respondi\u00f3 el arsenal de denuncias que pesan sobre \u00e9l\u201d\" width=\"625\" height=\"352\" src=\"https:\/\/www.youtube.com\/embed\/ro3rJ1aSayg?feature=oembed\" frameborder=\"0\" allow=\"accelerometer; autoplay; clipboard-write; encrypted-media; gyroscope; picture-in-picture; web-share\" referrerpolicy=\"strict-origin-when-cross-origin\" allowfullscreen><\/iframe>\n<\/div><\/figure>\n\n\n\n<p>En Reddeportiva.net hemos insistido que es necesario se forme una Comisi\u00f3n de la Verdad con el fin de normalizar el comportamiento del Sector Salud.  No es por una animadversi\u00f3n cualquiera que se critica las condiciones en que el nuevo gobierno ha recibido al mencionado Sector.  Se trata que nos hemos ubicado de lejos en el peor manejo de la pandemia a nivel mundial con r\u00e9cord de fallecidos.  Existe continuidad en la Pol\u00edtica de Salud alineada fielmente con la OMS desde el inicio de la pandemia hasta la fecha, en que se est\u00e1n planteando cambios en la Pol\u00edtica de Salud, con la llegada de un nuevo ministro.  F\u00e1cil es darse cuenta de las diferencias que se est\u00e1n presentando, en especial cuando se imprime el giro de una gesti\u00f3n mayoritariamente volcada a la vacunaci\u00f3n, con el cambio hacia otra que prioriza el frente de atenci\u00f3n al p\u00fablico en el que las Postas M\u00e9dicas cumplen un papel muy importante, el cual se vio disminuido durante el periodo de pandemia.  Nuestro comentario nos lleva a pedir a la poblaci\u00f3n para que haga una campa\u00f1a de queja contra los grandes medios de prensa que siguen empe\u00f1ados en alinearse con las malas pr\u00e1cticas defendiendo intereses subalternos, en lugar de cumplir noblemente con tan vigorosos buenos ejemplos que tanto enorgullecen a la prensa mundial en tiempos recientes.<\/p>\n","protected":false},"excerpt":{"rendered":"<p>En Reddeportiva.net hemos insistido que es necesario se forme una Comisi\u00f3n de la Verdad con el fin de normalizar el comportamiento del Sector Salud. No es por una animadversi\u00f3n cualquiera que se critica las condiciones en que el nuevo gobierno ha recibido al mencionado Sector. Se trata que nos hemos ubicado de lejos en el [&hellip;]<\/p>\n","protected":false},"author":1,"featured_media":0,"comment_status":"closed","ping_status":"closed","sticky":false,"template":"","format":"standard","meta":{"_exactmetrics_skip_tracking":false,"_exactmetrics_sitenote_active":false,"_exactmetrics_sitenote_note":"","_exactmetrics_sitenote_category":0,"ngg_post_thumbnail":0,"footnotes":""},"categories":[36,200],"tags":[],"class_list":["post-227278","post","type-post","status-publish","format-standard","hentry","category-reddeportiva-net","category-separata-reddeportiva"],"_links":{"self":[{"href":"https:\/\/reddeportiva.net\/principal\/index.php?rest_route=\/wp\/v2\/posts\/227278","targetHints":{"allow":["GET"]}}],"collection":[{"href":"https:\/\/reddeportiva.net\/principal\/index.php?rest_route=\/wp\/v2\/posts"}],"about":[{"href":"https:\/\/reddeportiva.net\/principal\/index.php?rest_route=\/wp\/v2\/types\/post"}],"author":[{"embeddable":true,"href":"https:\/\/reddeportiva.net\/principal\/index.php?rest_route=\/wp\/v2\/users\/1"}],"replies":[{"embeddable":true,"href":"https:\/\/reddeportiva.net\/principal\/index.php?rest_route=%2Fwp%2Fv2%2Fcomments&post=227278"}],"version-history":[{"count":1,"href":"https:\/\/reddeportiva.net\/principal\/index.php?rest_route=\/wp\/v2\/posts\/227278\/revisions"}],"predecessor-version":[{"id":227279,"href":"https:\/\/reddeportiva.net\/principal\/index.php?rest_route=\/wp\/v2\/posts\/227278\/revisions\/227279"}],"wp:attachment":[{"href":"https:\/\/reddeportiva.net\/principal\/index.php?rest_route=%2Fwp%2Fv2%2Fmedia&parent=227278"}],"wp:term":[{"taxonomy":"category","embeddable":true,"href":"https:\/\/reddeportiva.net\/principal\/index.php?rest_route=%2Fwp%2Fv2%2Fcategories&post=227278"},{"taxonomy":"post_tag","embeddable":true,"href":"https:\/\/reddeportiva.net\/principal\/index.php?rest_route=%2Fwp%2Fv2%2Ftags&post=227278"}],"curies":[{"name":"wp","href":"https:\/\/api.w.org\/{rel}","templated":true}]}}