{"id":227035,"date":"2022-02-07T15:45:24","date_gmt":"2022-02-07T20:45:24","guid":{"rendered":"https:\/\/reddeportiva.net\/principal\/?p=227035"},"modified":"2022-02-12T14:30:00","modified_gmt":"2022-02-12T19:30:00","slug":"era-una-situacion-dificil-dr-percy-minaya-su-experiencia-antes-de-la-llegada-de-las-vacunas","status":"publish","type":"post","link":"https:\/\/reddeportiva.net\/principal\/?p=227035","title":{"rendered":"\u00abEra una situaci\u00f3n dif\u00edcil\u00bb: Dr. Percy Minaya su experiencia antes de la llegada de las vacunas"},"content":{"rendered":"\n<figure class=\"wp-block-embed is-type-video is-provider-youtube wp-block-embed-youtube wp-embed-aspect-16-9 wp-has-aspect-ratio\"><div class=\"wp-block-embed__wrapper\">\n<iframe loading=\"lazy\" title=\"&quot;Era una situaci\u00f3n dif\u00edcil&quot;: Dr. Percy Minaya su experiencia antes de la llegada de las vacunas\" width=\"625\" height=\"352\" src=\"https:\/\/www.youtube.com\/embed\/0MJvtWg552U?feature=oembed\" frameborder=\"0\" allow=\"accelerometer; autoplay; clipboard-write; encrypted-media; gyroscope; picture-in-picture; web-share\" referrerpolicy=\"strict-origin-when-cross-origin\" allowfullscreen><\/iframe>\n<\/div><\/figure>\n\n\n\n<p>En Reddeportiva.net sentimos que el contenido del v\u00eddeo adjunto informa con mucho sesgo la historia de la relaci\u00f3n Vacunas &#8211; COVID19.  Es claro que en el Per\u00fa se ha preferido difundir la narrativa \u00aboficial\u00bb de la OMS que nos llegaba a trav\u00e9s de los medios internacionales de noticias y silenciar el drama que hemos vivido.  Un pa\u00eds como el nuestro, que alcanz\u00f3 el r\u00e9cord mundial de muertos, requiere una Comisi\u00f3n de la Verdad y no la construcci\u00f3n de una narrativa por partes que no garantizan que la poblaci\u00f3n conozca la verdad de lo que realmente sucedi\u00f3.<\/p>\n","protected":false},"excerpt":{"rendered":"<p>En Reddeportiva.net sentimos que el contenido del v\u00eddeo adjunto informa con mucho sesgo la historia de la relaci\u00f3n Vacunas &#8211; COVID19. Es claro que en el Per\u00fa se ha preferido difundir la narrativa \u00aboficial\u00bb de la OMS que nos llegaba a trav\u00e9s de los medios internacionales de noticias y silenciar el drama que hemos vivido. [&hellip;]<\/p>\n","protected":false},"author":1,"featured_media":0,"comment_status":"closed","ping_status":"closed","sticky":false,"template":"","format":"standard","meta":{"_exactmetrics_skip_tracking":false,"_exactmetrics_sitenote_active":false,"_exactmetrics_sitenote_note":"","_exactmetrics_sitenote_category":0,"ngg_post_thumbnail":0,"footnotes":""},"categories":[1284,584,36,94,200,1227,1302,1228],"tags":[],"class_list":["post-227035","post","type-post","status-publish","format-standard","hentry","category-higiene-salud","category-proyecciones-salud","category-reddeportiva-net","category-salud-mental","category-separata-reddeportiva","category-testeo-salud","category-tratamiento-higiene-salud","category-vacunas-salud"],"_links":{"self":[{"href":"https:\/\/reddeportiva.net\/principal\/index.php?rest_route=\/wp\/v2\/posts\/227035","targetHints":{"allow":["GET"]}}],"collection":[{"href":"https:\/\/reddeportiva.net\/principal\/index.php?rest_route=\/wp\/v2\/posts"}],"about":[{"href":"https:\/\/reddeportiva.net\/principal\/index.php?rest_route=\/wp\/v2\/types\/post"}],"author":[{"embeddable":true,"href":"https:\/\/reddeportiva.net\/principal\/index.php?rest_route=\/wp\/v2\/users\/1"}],"replies":[{"embeddable":true,"href":"https:\/\/reddeportiva.net\/principal\/index.php?rest_route=%2Fwp%2Fv2%2Fcomments&post=227035"}],"version-history":[{"count":1,"href":"https:\/\/reddeportiva.net\/principal\/index.php?rest_route=\/wp\/v2\/posts\/227035\/revisions"}],"predecessor-version":[{"id":227036,"href":"https:\/\/reddeportiva.net\/principal\/index.php?rest_route=\/wp\/v2\/posts\/227035\/revisions\/227036"}],"wp:attachment":[{"href":"https:\/\/reddeportiva.net\/principal\/index.php?rest_route=%2Fwp%2Fv2%2Fmedia&parent=227035"}],"wp:term":[{"taxonomy":"category","embeddable":true,"href":"https:\/\/reddeportiva.net\/principal\/index.php?rest_route=%2Fwp%2Fv2%2Fcategories&post=227035"},{"taxonomy":"post_tag","embeddable":true,"href":"https:\/\/reddeportiva.net\/principal\/index.php?rest_route=%2Fwp%2Fv2%2Ftags&post=227035"}],"curies":[{"name":"wp","href":"https:\/\/api.w.org\/{rel}","templated":true}]}}