{"id":226116,"date":"2022-01-22T20:39:09","date_gmt":"2022-01-23T01:39:09","guid":{"rendered":"http:\/\/reddeportiva.net\/principal\/?p=226116"},"modified":"2022-01-22T20:39:14","modified_gmt":"2022-01-23T01:39:14","slug":"latinoamerica-la-region-donde-mas-subieron-los-precios-en-2021","status":"publish","type":"post","link":"https:\/\/reddeportiva.net\/principal\/?p=226116","title":{"rendered":"Latinoam\u00e9rica, la regi\u00f3n donde m\u00e1s subieron los precios en 2021"},"content":{"rendered":"\n<figure class=\"wp-block-embed is-type-video is-provider-youtube wp-block-embed-youtube wp-embed-aspect-16-9 wp-has-aspect-ratio\"><div class=\"wp-block-embed__wrapper\">\n<iframe loading=\"lazy\" title=\"Latinoam\u00e9rica, la regi\u00f3n donde m\u00e1s subieron los precios en 2021\" width=\"625\" height=\"352\" src=\"https:\/\/www.youtube.com\/embed\/LLSo1sYTiQE?feature=oembed\" frameborder=\"0\" allow=\"accelerometer; autoplay; clipboard-write; encrypted-media; gyroscope; picture-in-picture; web-share\" referrerpolicy=\"strict-origin-when-cross-origin\" allowfullscreen><\/iframe>\n<\/div><\/figure>\n","protected":false},"excerpt":{"rendered":"","protected":false},"author":1,"featured_media":0,"comment_status":"closed","ping_status":"closed","sticky":false,"template":"","format":"standard","meta":{"_exactmetrics_skip_tracking":false,"_exactmetrics_sitenote_active":false,"_exactmetrics_sitenote_note":"","_exactmetrics_sitenote_category":0,"ngg_post_thumbnail":0,"footnotes":""},"categories":[1278,1408,1331,1261,1232,1334,1273,1241,1330,1293,1223,1214,659,603,1392,1384,1413],"tags":[],"class_list":["post-226116","post","type-post","status-publish","format-standard","hentry","category-accion-politica-proyecciones","category-ciclo-economico","category-dinamicas-personales","category-emergencias-ambiente","category-energia-produccion-proyecciones","category-equidad-personal","category-estimulos-finanzas","category-gobernanza","category-ingresos-personales","category-mundo-laboral","category-mundo-politico","category-proyecciones-abastos","category-proyecciones-seguridad","category-proyecciones-sostenible","category-rectificacion","category-riesgos-y-vulnerabilidades","category-soluciones-de-fondo"],"_links":{"self":[{"href":"https:\/\/reddeportiva.net\/principal\/index.php?rest_route=\/wp\/v2\/posts\/226116","targetHints":{"allow":["GET"]}}],"collection":[{"href":"https:\/\/reddeportiva.net\/principal\/index.php?rest_route=\/wp\/v2\/posts"}],"about":[{"href":"https:\/\/reddeportiva.net\/principal\/index.php?rest_route=\/wp\/v2\/types\/post"}],"author":[{"embeddable":true,"href":"https:\/\/reddeportiva.net\/principal\/index.php?rest_route=\/wp\/v2\/users\/1"}],"replies":[{"embeddable":true,"href":"https:\/\/reddeportiva.net\/principal\/index.php?rest_route=%2Fwp%2Fv2%2Fcomments&post=226116"}],"version-history":[{"count":1,"href":"https:\/\/reddeportiva.net\/principal\/index.php?rest_route=\/wp\/v2\/posts\/226116\/revisions"}],"predecessor-version":[{"id":226117,"href":"https:\/\/reddeportiva.net\/principal\/index.php?rest_route=\/wp\/v2\/posts\/226116\/revisions\/226117"}],"wp:attachment":[{"href":"https:\/\/reddeportiva.net\/principal\/index.php?rest_route=%2Fwp%2Fv2%2Fmedia&parent=226116"}],"wp:term":[{"taxonomy":"category","embeddable":true,"href":"https:\/\/reddeportiva.net\/principal\/index.php?rest_route=%2Fwp%2Fv2%2Fcategories&post=226116"},{"taxonomy":"post_tag","embeddable":true,"href":"https:\/\/reddeportiva.net\/principal\/index.php?rest_route=%2Fwp%2Fv2%2Ftags&post=226116"}],"curies":[{"name":"wp","href":"https:\/\/api.w.org\/{rel}","templated":true}]}}