{"id":225042,"date":"2022-01-03T23:01:25","date_gmt":"2022-01-04T04:01:25","guid":{"rendered":"http:\/\/reddeportiva.net\/principal\/?p=225042"},"modified":"2022-01-03T23:01:28","modified_gmt":"2022-01-04T04:01:28","slug":"la-manipulacion-del-lenguaje-como-arma-politica-cesar-vidal","status":"publish","type":"post","link":"https:\/\/reddeportiva.net\/principal\/?p=225042","title":{"rendered":"La manipulaci\u00f3n del lenguaje como arma pol\u00edtica | C\u00e9sar Vidal"},"content":{"rendered":"\n<figure class=\"wp-block-embed is-type-video is-provider-youtube wp-block-embed-youtube wp-embed-aspect-16-9 wp-has-aspect-ratio\"><div class=\"wp-block-embed__wrapper\">\n<iframe loading=\"lazy\" title=\"La manipulaci\u00f3n del lenguaje como arma pol\u00edtica | C\u00e9sar Vidal\" width=\"625\" height=\"352\" src=\"https:\/\/www.youtube.com\/embed\/FqjVc6BRuKU?feature=oembed\" frameborder=\"0\" allow=\"accelerometer; autoplay; clipboard-write; encrypted-media; gyroscope; picture-in-picture; web-share\" referrerpolicy=\"strict-origin-when-cross-origin\" allowfullscreen><\/iframe>\n<\/div><\/figure>\n","protected":false},"excerpt":{"rendered":"","protected":false},"author":1,"featured_media":0,"comment_status":"closed","ping_status":"closed","sticky":false,"template":"","format":"standard","meta":{"_exactmetrics_skip_tracking":false,"_exactmetrics_sitenote_active":false,"_exactmetrics_sitenote_note":"","_exactmetrics_sitenote_category":0,"ngg_post_thumbnail":0,"footnotes":""},"categories":[1278,1337,1325,1309,1202,1401,1319,1237,1405,1293,1223,1343,1353,1404,36,1346,1384,1301],"tags":[],"class_list":["post-225042","post","type-post","status-publish","format-standard","hentry","category-accion-politica-proyecciones","category-censura","category-excesos-del-poder","category-faltas-y-delitos","category-geopolitica-proyecciones","category-hostilizacion","category-ideologizacion","category-libertades","category-manipulacion","category-mundo-laboral","category-mundo-politico","category-opresion","category-organizacion-multilateralismo-proyecciones","category-poderes-mundiales","category-reddeportiva-net","category-represion","category-riesgos-y-vulnerabilidades","category-terrorismo"],"_links":{"self":[{"href":"https:\/\/reddeportiva.net\/principal\/index.php?rest_route=\/wp\/v2\/posts\/225042","targetHints":{"allow":["GET"]}}],"collection":[{"href":"https:\/\/reddeportiva.net\/principal\/index.php?rest_route=\/wp\/v2\/posts"}],"about":[{"href":"https:\/\/reddeportiva.net\/principal\/index.php?rest_route=\/wp\/v2\/types\/post"}],"author":[{"embeddable":true,"href":"https:\/\/reddeportiva.net\/principal\/index.php?rest_route=\/wp\/v2\/users\/1"}],"replies":[{"embeddable":true,"href":"https:\/\/reddeportiva.net\/principal\/index.php?rest_route=%2Fwp%2Fv2%2Fcomments&post=225042"}],"version-history":[{"count":1,"href":"https:\/\/reddeportiva.net\/principal\/index.php?rest_route=\/wp\/v2\/posts\/225042\/revisions"}],"predecessor-version":[{"id":225043,"href":"https:\/\/reddeportiva.net\/principal\/index.php?rest_route=\/wp\/v2\/posts\/225042\/revisions\/225043"}],"wp:attachment":[{"href":"https:\/\/reddeportiva.net\/principal\/index.php?rest_route=%2Fwp%2Fv2%2Fmedia&parent=225042"}],"wp:term":[{"taxonomy":"category","embeddable":true,"href":"https:\/\/reddeportiva.net\/principal\/index.php?rest_route=%2Fwp%2Fv2%2Fcategories&post=225042"},{"taxonomy":"post_tag","embeddable":true,"href":"https:\/\/reddeportiva.net\/principal\/index.php?rest_route=%2Fwp%2Fv2%2Ftags&post=225042"}],"curies":[{"name":"wp","href":"https:\/\/api.w.org\/{rel}","templated":true}]}}