{"id":224768,"date":"2021-12-22T09:29:38","date_gmt":"2021-12-22T14:29:38","guid":{"rendered":"http:\/\/reddeportiva.net\/principal\/?p=224768"},"modified":"2021-12-22T09:33:57","modified_gmt":"2021-12-22T14:33:57","slug":"hector-ventura-el-presidente-puede-ir-a-congreso-o-nosotros-acercarnos-a-palacio","status":"publish","type":"post","link":"https:\/\/reddeportiva.net\/principal\/?p=224768","title":{"rendered":"H\u00e9ctor Ventura: \u201cel Presidente puede ir a Congreso o nosotros acercarnos a Palacio\u201d"},"content":{"rendered":"\n<figure class=\"wp-block-embed is-type-video is-provider-youtube wp-block-embed-youtube wp-embed-aspect-16-9 wp-has-aspect-ratio\"><div class=\"wp-block-embed__wrapper\">\n<iframe loading=\"lazy\" title=\"H\u00e9ctor Ventura: \u201cel Presidente puede ir a Congreso o nosotros acercarnos a Palacio\u201d\" width=\"625\" height=\"352\" src=\"https:\/\/www.youtube.com\/embed\/VDK9ArvE-bw?feature=oembed\" frameborder=\"0\" allow=\"accelerometer; autoplay; clipboard-write; encrypted-media; gyroscope; picture-in-picture; web-share\" referrerpolicy=\"strict-origin-when-cross-origin\" allowfullscreen><\/iframe>\n<\/div><\/figure>\n\n\n\n<p>Para Reddeportiva.net cada d\u00eda est\u00e1 quedando m\u00e1s claro que al Presidente de la Rep\u00fablica no le interesan las funciones de gobierno.  Al parecer, se trata de un gobierno temporal y transitorio que cumple el papel de tap\u00f3n para que la clase media no llegue al poder, impuesto por una plutocracia que a la vez y en forma paralela reorganiza sus estrategias que sufrieron una cat\u00e1strofe con la vacancia del ingeniero Vizcarra.  Este grupo de poder est\u00e1 buscando la forma de regresar al gobierno con una nueva imagen que proteja los privilegios alcanzados durante el periodo de vigencia del \u00abAcuerdo Nacional\u00bb.  Se trata de conseguir no solo la impunidad del caso Lava Jato, sino tambi\u00e9n de mantener intactos los intereses creados eliminando todos los potenciales competidores que habr\u00edan surgido desde el mundo informal y en especial del crimen organizado.  Es decir, el peligro para el Estado Peruano lo est\u00e1 creando la competencia de bandas que convivieron durante el periodo 2000 &#8211; 2019, al final del cual la plutocracia decide reorganizar sus fuerzas ante el fracaso de su estrategia de desinformaci\u00f3n a trav\u00e9s de los grandes medios y el surgimiento de una nueva prensa que no ha podido ser controlada desde el ministerio correspondiente.  El problema es que \u00abla cabra siempre tira para el monte\u00bb con lo que la baja calidad humana de quienes circunstancialmente ocupan los puestos de la m\u00e1s alta responsabilidad de gesti\u00f3n se muestra en toda su magnitud reflej\u00e1ndose en la grotesca imagen que est\u00e1n percibiendo las comunidades nacional e internacional.  En otras palabras, se impone un \u00abpacto pol\u00edtico\u00bb de aquellas fuerzas que pretenden ocupar el centro pol\u00edtico mediante el se\u00f1alamiento de objetivos y compromisos que conformen los puntos de inter\u00e9s com\u00fan a presentar a la ciudadan\u00eda con el fin de ir decantando el panorama pol\u00edtico para cuando llegue la oportunidad de formar un nuevo gobierno.<\/p>\n","protected":false},"excerpt":{"rendered":"<p>Para Reddeportiva.net cada d\u00eda est\u00e1 quedando m\u00e1s claro que al Presidente de la Rep\u00fablica no le interesan las funciones de gobierno. Al parecer, se trata de un gobierno temporal y transitorio que cumple el papel de tap\u00f3n para que la clase media no llegue al poder, impuesto por una plutocracia que a la vez y [&hellip;]<\/p>\n","protected":false},"author":1,"featured_media":0,"comment_status":"closed","ping_status":"closed","sticky":false,"template":"","format":"standard","meta":{"_exactmetrics_skip_tracking":false,"_exactmetrics_sitenote_active":false,"_exactmetrics_sitenote_note":"","_exactmetrics_sitenote_category":0,"ngg_post_thumbnail":0,"footnotes":""},"categories":[36,200],"tags":[],"class_list":["post-224768","post","type-post","status-publish","format-standard","hentry","category-reddeportiva-net","category-separata-reddeportiva"],"_links":{"self":[{"href":"https:\/\/reddeportiva.net\/principal\/index.php?rest_route=\/wp\/v2\/posts\/224768","targetHints":{"allow":["GET"]}}],"collection":[{"href":"https:\/\/reddeportiva.net\/principal\/index.php?rest_route=\/wp\/v2\/posts"}],"about":[{"href":"https:\/\/reddeportiva.net\/principal\/index.php?rest_route=\/wp\/v2\/types\/post"}],"author":[{"embeddable":true,"href":"https:\/\/reddeportiva.net\/principal\/index.php?rest_route=\/wp\/v2\/users\/1"}],"replies":[{"embeddable":true,"href":"https:\/\/reddeportiva.net\/principal\/index.php?rest_route=%2Fwp%2Fv2%2Fcomments&post=224768"}],"version-history":[{"count":3,"href":"https:\/\/reddeportiva.net\/principal\/index.php?rest_route=\/wp\/v2\/posts\/224768\/revisions"}],"predecessor-version":[{"id":224772,"href":"https:\/\/reddeportiva.net\/principal\/index.php?rest_route=\/wp\/v2\/posts\/224768\/revisions\/224772"}],"wp:attachment":[{"href":"https:\/\/reddeportiva.net\/principal\/index.php?rest_route=%2Fwp%2Fv2%2Fmedia&parent=224768"}],"wp:term":[{"taxonomy":"category","embeddable":true,"href":"https:\/\/reddeportiva.net\/principal\/index.php?rest_route=%2Fwp%2Fv2%2Fcategories&post=224768"},{"taxonomy":"post_tag","embeddable":true,"href":"https:\/\/reddeportiva.net\/principal\/index.php?rest_route=%2Fwp%2Fv2%2Ftags&post=224768"}],"curies":[{"name":"wp","href":"https:\/\/api.w.org\/{rel}","templated":true}]}}