{"id":223799,"date":"2021-11-26T19:31:50","date_gmt":"2021-11-27T00:31:50","guid":{"rendered":"http:\/\/reddeportiva.net\/principal\/?p=223799"},"modified":"2021-11-26T19:31:53","modified_gmt":"2021-11-27T00:31:53","slug":"juan-silva-al-congreso-no-firme-ningun-acuerdo-con-transportistas-sino-un-acta-de-dialogo-pbo","status":"publish","type":"post","link":"https:\/\/reddeportiva.net\/principal\/?p=223799","title":{"rendered":"Juan Silva al Congreso: \u201cNo firm\u00e9 ning\u00fan acuerdo con transportistas, sino un acta de di\u00e1logo\u201d | PBO"},"content":{"rendered":"\n<figure class=\"wp-block-embed is-type-video is-provider-youtube wp-block-embed-youtube wp-embed-aspect-16-9 wp-has-aspect-ratio\"><div class=\"wp-block-embed__wrapper\">\n<iframe loading=\"lazy\" title=\"Juan Silva al Congreso: \u201cNo firm\u00e9 ning\u00fan acuerdo con transportistas, sino un acta de di\u00e1logo\u201d | PBO\" width=\"625\" height=\"352\" src=\"https:\/\/www.youtube.com\/embed\/iEtEUNOGHeg?feature=oembed\" frameborder=\"0\" allow=\"accelerometer; autoplay; clipboard-write; encrypted-media; gyroscope; picture-in-picture; web-share\" referrerpolicy=\"strict-origin-when-cross-origin\" allowfullscreen><\/iframe>\n<\/div><\/figure>\n","protected":false},"excerpt":{"rendered":"","protected":false},"author":1,"featured_media":0,"comment_status":"closed","ping_status":"closed","sticky":false,"template":"","format":"standard","meta":{"_exactmetrics_skip_tracking":false,"_exactmetrics_sitenote_active":false,"_exactmetrics_sitenote_note":"","_exactmetrics_sitenote_category":0,"ngg_post_thumbnail":0,"footnotes":""},"categories":[36],"tags":[],"class_list":["post-223799","post","type-post","status-publish","format-standard","hentry","category-reddeportiva-net"],"_links":{"self":[{"href":"https:\/\/reddeportiva.net\/principal\/index.php?rest_route=\/wp\/v2\/posts\/223799","targetHints":{"allow":["GET"]}}],"collection":[{"href":"https:\/\/reddeportiva.net\/principal\/index.php?rest_route=\/wp\/v2\/posts"}],"about":[{"href":"https:\/\/reddeportiva.net\/principal\/index.php?rest_route=\/wp\/v2\/types\/post"}],"author":[{"embeddable":true,"href":"https:\/\/reddeportiva.net\/principal\/index.php?rest_route=\/wp\/v2\/users\/1"}],"replies":[{"embeddable":true,"href":"https:\/\/reddeportiva.net\/principal\/index.php?rest_route=%2Fwp%2Fv2%2Fcomments&post=223799"}],"version-history":[{"count":1,"href":"https:\/\/reddeportiva.net\/principal\/index.php?rest_route=\/wp\/v2\/posts\/223799\/revisions"}],"predecessor-version":[{"id":223800,"href":"https:\/\/reddeportiva.net\/principal\/index.php?rest_route=\/wp\/v2\/posts\/223799\/revisions\/223800"}],"wp:attachment":[{"href":"https:\/\/reddeportiva.net\/principal\/index.php?rest_route=%2Fwp%2Fv2%2Fmedia&parent=223799"}],"wp:term":[{"taxonomy":"category","embeddable":true,"href":"https:\/\/reddeportiva.net\/principal\/index.php?rest_route=%2Fwp%2Fv2%2Fcategories&post=223799"},{"taxonomy":"post_tag","embeddable":true,"href":"https:\/\/reddeportiva.net\/principal\/index.php?rest_route=%2Fwp%2Fv2%2Ftags&post=223799"}],"curies":[{"name":"wp","href":"https:\/\/api.w.org\/{rel}","templated":true}]}}