{"id":223417,"date":"2021-11-13T12:45:11","date_gmt":"2021-11-13T17:45:11","guid":{"rendered":"http:\/\/reddeportiva.net\/principal\/?p=223417"},"modified":"2021-11-13T12:45:15","modified_gmt":"2021-11-13T17:45:15","slug":"la-crisis-constitucional-del-peru","status":"publish","type":"post","link":"https:\/\/reddeportiva.net\/principal\/?p=223417","title":{"rendered":"La crisis constitucional del Per\u00fa"},"content":{"rendered":"\n<figure class=\"wp-block-embed is-type-video is-provider-youtube wp-block-embed-youtube wp-embed-aspect-16-9 wp-has-aspect-ratio\"><div class=\"wp-block-embed__wrapper\">\n<iframe loading=\"lazy\" title=\"La crisis constitucional del Per\u00fa\" width=\"625\" height=\"352\" src=\"https:\/\/www.youtube.com\/embed\/tU694qM6cFI?feature=oembed\" frameborder=\"0\" allow=\"accelerometer; autoplay; clipboard-write; encrypted-media; gyroscope; picture-in-picture; web-share\" referrerpolicy=\"strict-origin-when-cross-origin\" allowfullscreen><\/iframe>\n<\/div><\/figure>\n\n\n\n<p>En la historia de la Rep\u00fablica Peruana encontramos una continuidad del poder pol\u00edtico que puede calificarse de excepcional por la estabilidad que involucra a todo el territorio reconocido internacionalmente como Latinoam\u00e9rica.  Aparentemente, los ataques vienen de fuera; desde naciones con tradiciones distintas como de los EE.UU. de Am\u00e9rica donde el mestizaje no fue su norma, sino m\u00e1s bien la de creaci\u00f3n de reservas y la segregaci\u00f3n poblacional.  Lo mismo puede decirse de los otros continentes en que tanto las naciones como los grupos \u00e9tnicos migran o evolucionan sin el sentido hist\u00f3rico que claramente tienen nuestras sociedades hermanas y muy en concreto en el Per\u00fa.  Este sentimiento nos lleva a pensar que la soluci\u00f3n vendr\u00e1 del pueblo y de la solidaridad del mismo ya que no es justo encontrar trabas impuestas por aquellas comunidades que gozan de posiciones privilegiadas por estar cerca de asentamientos mineros y similares donde se ha distribuido recursos econ\u00f3micos en cantidades significativas, en contraste con la situaci\u00f3n de los migrantes que han tenido que crear sus propias fuentes de ingresos, insert\u00e1ndose en nuevas cadenas de valor que fueron construidas con mucho esfuerzo y que ahora est\u00e1n siendo perdidas por una recesi\u00f3n econ\u00f3mica impulsada por un entorno de violencia inducida artificialmente, no correspondi\u00e9ndose con nuestra nueva realidad, cuya construcci\u00f3n inici\u00e1ramos desde mediados del siglo XX, logrando ubicarnos muy lejos de la visi\u00f3n Mariateguista, la cual hemos dejado atr\u00e1s con mucho sacrificio y tolerancia que no se pueden desconocer y menos ignorar.<\/p>\n","protected":false},"excerpt":{"rendered":"<p>En la historia de la Rep\u00fablica Peruana encontramos una continuidad del poder pol\u00edtico que puede calificarse de excepcional por la estabilidad que involucra a todo el territorio reconocido internacionalmente como Latinoam\u00e9rica. Aparentemente, los ataques vienen de fuera; desde naciones con tradiciones distintas como de los EE.UU. de Am\u00e9rica donde el mestizaje no fue su norma, [&hellip;]<\/p>\n","protected":false},"author":1,"featured_media":0,"comment_status":"closed","ping_status":"closed","sticky":false,"template":"","format":"standard","meta":{"_exactmetrics_skip_tracking":false,"_exactmetrics_sitenote_active":false,"_exactmetrics_sitenote_note":"","_exactmetrics_sitenote_category":0,"ngg_post_thumbnail":0,"footnotes":""},"categories":[36,200],"tags":[],"class_list":["post-223417","post","type-post","status-publish","format-standard","hentry","category-reddeportiva-net","category-separata-reddeportiva"],"_links":{"self":[{"href":"https:\/\/reddeportiva.net\/principal\/index.php?rest_route=\/wp\/v2\/posts\/223417","targetHints":{"allow":["GET"]}}],"collection":[{"href":"https:\/\/reddeportiva.net\/principal\/index.php?rest_route=\/wp\/v2\/posts"}],"about":[{"href":"https:\/\/reddeportiva.net\/principal\/index.php?rest_route=\/wp\/v2\/types\/post"}],"author":[{"embeddable":true,"href":"https:\/\/reddeportiva.net\/principal\/index.php?rest_route=\/wp\/v2\/users\/1"}],"replies":[{"embeddable":true,"href":"https:\/\/reddeportiva.net\/principal\/index.php?rest_route=%2Fwp%2Fv2%2Fcomments&post=223417"}],"version-history":[{"count":1,"href":"https:\/\/reddeportiva.net\/principal\/index.php?rest_route=\/wp\/v2\/posts\/223417\/revisions"}],"predecessor-version":[{"id":223418,"href":"https:\/\/reddeportiva.net\/principal\/index.php?rest_route=\/wp\/v2\/posts\/223417\/revisions\/223418"}],"wp:attachment":[{"href":"https:\/\/reddeportiva.net\/principal\/index.php?rest_route=%2Fwp%2Fv2%2Fmedia&parent=223417"}],"wp:term":[{"taxonomy":"category","embeddable":true,"href":"https:\/\/reddeportiva.net\/principal\/index.php?rest_route=%2Fwp%2Fv2%2Fcategories&post=223417"},{"taxonomy":"post_tag","embeddable":true,"href":"https:\/\/reddeportiva.net\/principal\/index.php?rest_route=%2Fwp%2Fv2%2Ftags&post=223417"}],"curies":[{"name":"wp","href":"https:\/\/api.w.org\/{rel}","templated":true}]}}