{"id":223387,"date":"2021-11-12T09:43:28","date_gmt":"2021-11-12T14:43:28","guid":{"rendered":"http:\/\/reddeportiva.net\/principal\/?p=223387"},"modified":"2021-11-12T09:43:32","modified_gmt":"2021-11-12T14:43:32","slug":"ronald-gamarra-en-noviembre-del-2020-se-hizo-un-abuso-excesivo-de-la-fuerza","status":"publish","type":"post","link":"https:\/\/reddeportiva.net\/principal\/?p=223387","title":{"rendered":"Ronald Gamarra: \u201cen noviembre del 2020 se hizo un abuso excesivo de la fuerza\u201d"},"content":{"rendered":"\n<figure class=\"wp-block-embed is-type-video is-provider-youtube wp-block-embed-youtube wp-embed-aspect-16-9 wp-has-aspect-ratio\"><div class=\"wp-block-embed__wrapper\">\nhttps:\/\/www.youtube.com\/watch?v=rN9NcoFmi6E\n<\/div><\/figure>\n\n\n\n<p>En principio, nadie puede estar en desacuerdo con lo que dice la Ley.  Tampoco se puede negar atenci\u00f3n m\u00e9dica como a cualquier ciudadano.  Afirmamos que falt\u00f3 decir al entrevistado que los actos violentos a los que se refiere el v\u00eddeo se dieron a m\u00e1s de medio kil\u00f3metro de la Plaza San Mart\u00edn donde se desarrollaban manifestaciones pac\u00edficas, quedando claras las diferencias entre ambas actuaciones.  En Reddeportiva.net hemos observado que m\u00e1s parecido se da entre los manifestantes de la Av. Abancay y las barras bravas que han hecho manifestaciones frente al Estadio Monumental tanto por la similitud de su comportamiento, de la disciplina mostrada y de la apariencia f\u00edsica que los distancian claramente de los pac\u00edficos manifestantes de la Plaza San Mart\u00edn.  Si el trato que les dio la Polic\u00eda Nacional fue distinto para cada grupo, sus razones habr\u00e1; quedando justificada la intervenci\u00f3n del Ministerio P\u00fablico del cual esperamos puedan llegar al verdadero fondo de lo sucedido, ya que en nuestro modelo de interpretaci\u00f3n hablamos de una plutocracia que hasta la fecha se muestra oculta a la opini\u00f3n p\u00fablica y cuyo comportamiento general, as\u00ed como sus vinculaciones con grupos clientelares de dudoso comportamiento es importante dilucidar, para darnos cuenta del c\u00f3mo hemos llegado a la gran crisis pol\u00edtica en que nos encontramos.<\/p>\n","protected":false},"excerpt":{"rendered":"<p>En principio, nadie puede estar en desacuerdo con lo que dice la Ley. Tampoco se puede negar atenci\u00f3n m\u00e9dica como a cualquier ciudadano. Afirmamos que falt\u00f3 decir al entrevistado que los actos violentos a los que se refiere el v\u00eddeo se dieron a m\u00e1s de medio kil\u00f3metro de la Plaza San Mart\u00edn donde se desarrollaban [&hellip;]<\/p>\n","protected":false},"author":1,"featured_media":0,"comment_status":"closed","ping_status":"closed","sticky":false,"template":"","format":"standard","meta":{"_exactmetrics_skip_tracking":false,"_exactmetrics_sitenote_active":false,"_exactmetrics_sitenote_note":"","_exactmetrics_sitenote_category":0,"ngg_post_thumbnail":0,"footnotes":""},"categories":[36,200],"tags":[],"class_list":["post-223387","post","type-post","status-publish","format-standard","hentry","category-reddeportiva-net","category-separata-reddeportiva"],"_links":{"self":[{"href":"https:\/\/reddeportiva.net\/principal\/index.php?rest_route=\/wp\/v2\/posts\/223387","targetHints":{"allow":["GET"]}}],"collection":[{"href":"https:\/\/reddeportiva.net\/principal\/index.php?rest_route=\/wp\/v2\/posts"}],"about":[{"href":"https:\/\/reddeportiva.net\/principal\/index.php?rest_route=\/wp\/v2\/types\/post"}],"author":[{"embeddable":true,"href":"https:\/\/reddeportiva.net\/principal\/index.php?rest_route=\/wp\/v2\/users\/1"}],"replies":[{"embeddable":true,"href":"https:\/\/reddeportiva.net\/principal\/index.php?rest_route=%2Fwp%2Fv2%2Fcomments&post=223387"}],"version-history":[{"count":1,"href":"https:\/\/reddeportiva.net\/principal\/index.php?rest_route=\/wp\/v2\/posts\/223387\/revisions"}],"predecessor-version":[{"id":223388,"href":"https:\/\/reddeportiva.net\/principal\/index.php?rest_route=\/wp\/v2\/posts\/223387\/revisions\/223388"}],"wp:attachment":[{"href":"https:\/\/reddeportiva.net\/principal\/index.php?rest_route=%2Fwp%2Fv2%2Fmedia&parent=223387"}],"wp:term":[{"taxonomy":"category","embeddable":true,"href":"https:\/\/reddeportiva.net\/principal\/index.php?rest_route=%2Fwp%2Fv2%2Fcategories&post=223387"},{"taxonomy":"post_tag","embeddable":true,"href":"https:\/\/reddeportiva.net\/principal\/index.php?rest_route=%2Fwp%2Fv2%2Ftags&post=223387"}],"curies":[{"name":"wp","href":"https:\/\/api.w.org\/{rel}","templated":true}]}}