{"id":223373,"date":"2021-11-11T18:41:16","date_gmt":"2021-11-11T23:41:16","guid":{"rendered":"http:\/\/reddeportiva.net\/principal\/?p=223373"},"modified":"2021-11-11T20:02:27","modified_gmt":"2021-11-12T01:02:27","slug":"baellatalks-miercoles-10-11-21-invitado-francisco-tudela","status":"publish","type":"post","link":"https:\/\/reddeportiva.net\/principal\/?p=223373","title":{"rendered":"#BaellaTalks mi\u00e9rcoles 10.11.21 Invitado: Francisco Tudela."},"content":{"rendered":"\n<figure class=\"wp-block-embed is-type-video is-provider-youtube wp-block-embed-youtube wp-embed-aspect-16-9 wp-has-aspect-ratio\"><div class=\"wp-block-embed__wrapper\">\n<iframe loading=\"lazy\" title=\"#BaellaTalks mi\u00e9rcoles 10.11.21 Invitado: Francisco Tudela.\" width=\"625\" height=\"352\" src=\"https:\/\/www.youtube.com\/embed\/NyGYeJbNnAg?feature=oembed\" frameborder=\"0\" allow=\"accelerometer; autoplay; clipboard-write; encrypted-media; gyroscope; picture-in-picture; web-share\" referrerpolicy=\"strict-origin-when-cross-origin\" allowfullscreen><\/iframe>\n<\/div><\/figure>\n\n\n\n<p class=\"wp-block-paragraph\">En Reddeportiva.net pensamos que el invitado hace una presentaci\u00f3n muy ilustrativa de lo sucedido en  nuestro pa\u00eds en los \u00faltimos a\u00f1os y de sus posibilidades para llegar a una salida que restaure un r\u00e9gimen de Libertades y de respeto por el Estado de Derecho.  Al respecto, contamos con un relato tipo diario cuya primera publicaci\u00f3n tiene fecha 17\/11\/2018 y pueden llegar a ella con el siguiente enlace <a href=\"https:\/\/reddeportiva.net\/principal\/?cat=200&amp;paged=6\">https:\/\/reddeportiva.net\/principal\/?cat=200&amp;paged=6<\/a> a partir de la cual podr\u00e1n encontrar ideas para la construcci\u00f3n de un modelo de interpretaci\u00f3n de nuestra realidad que en algo les podr\u00e1 ayudar en el prop\u00f3sito de restaurar el r\u00e9gimen mencionado l\u00edneas arriba.<\/p>\n","protected":false},"excerpt":{"rendered":"<p>En Reddeportiva.net pensamos que el invitado hace una presentaci\u00f3n muy ilustrativa de lo sucedido en nuestro pa\u00eds en los \u00faltimos a\u00f1os y de sus posibilidades para llegar a una salida que restaure un r\u00e9gimen de Libertades y de respeto por el Estado de Derecho. Al respecto, contamos con un relato tipo diario cuya primera publicaci\u00f3n [&hellip;]<\/p>\n","protected":false},"author":1,"featured_media":0,"comment_status":"closed","ping_status":"closed","sticky":false,"template":"","format":"standard","meta":{"_exactmetrics_skip_tracking":false,"ngg_post_thumbnail":0,"footnotes":""},"categories":[36,200],"tags":[],"class_list":["post-223373","post","type-post","status-publish","format-standard","hentry","category-reddeportiva-net","category-separata-reddeportiva"],"_links":{"self":[{"href":"https:\/\/reddeportiva.net\/principal\/index.php?rest_route=\/wp\/v2\/posts\/223373","targetHints":{"allow":["GET"]}}],"collection":[{"href":"https:\/\/reddeportiva.net\/principal\/index.php?rest_route=\/wp\/v2\/posts"}],"about":[{"href":"https:\/\/reddeportiva.net\/principal\/index.php?rest_route=\/wp\/v2\/types\/post"}],"author":[{"embeddable":true,"href":"https:\/\/reddeportiva.net\/principal\/index.php?rest_route=\/wp\/v2\/users\/1"}],"replies":[{"embeddable":true,"href":"https:\/\/reddeportiva.net\/principal\/index.php?rest_route=%2Fwp%2Fv2%2Fcomments&post=223373"}],"version-history":[{"count":2,"href":"https:\/\/reddeportiva.net\/principal\/index.php?rest_route=\/wp\/v2\/posts\/223373\/revisions"}],"predecessor-version":[{"id":223376,"href":"https:\/\/reddeportiva.net\/principal\/index.php?rest_route=\/wp\/v2\/posts\/223373\/revisions\/223376"}],"wp:attachment":[{"href":"https:\/\/reddeportiva.net\/principal\/index.php?rest_route=%2Fwp%2Fv2%2Fmedia&parent=223373"}],"wp:term":[{"taxonomy":"category","embeddable":true,"href":"https:\/\/reddeportiva.net\/principal\/index.php?rest_route=%2Fwp%2Fv2%2Fcategories&post=223373"},{"taxonomy":"post_tag","embeddable":true,"href":"https:\/\/reddeportiva.net\/principal\/index.php?rest_route=%2Fwp%2Fv2%2Ftags&post=223373"}],"curies":[{"name":"wp","href":"https:\/\/api.w.org\/{rel}","templated":true}]}}