{"id":223325,"date":"2021-11-10T09:24:17","date_gmt":"2021-11-10T14:24:17","guid":{"rendered":"http:\/\/reddeportiva.net\/principal\/?p=223325"},"modified":"2021-11-10T10:51:54","modified_gmt":"2021-11-10T15:51:54","slug":"beatriz-ramirez-los-ministros-asumen-la-responsabilidad-politica-no-la-presidencia","status":"publish","type":"post","link":"https:\/\/reddeportiva.net\/principal\/?p=223325","title":{"rendered":"Beatriz Ram\u00edrez: \u201clos ministros asumen la responsabilidad pol\u00edtica, no la Presidencia\u201d"},"content":{"rendered":"\n<figure class=\"wp-block-embed is-type-video is-provider-youtube wp-block-embed-youtube wp-embed-aspect-16-9 wp-has-aspect-ratio\"><div class=\"wp-block-embed__wrapper\">\n<iframe loading=\"lazy\" title=\"Beatriz Ram\u00edrez: \u201clos ministros asumen la responsabilidad pol\u00edtica, no la Presidencia\u201d\" width=\"625\" height=\"352\" src=\"https:\/\/www.youtube.com\/embed\/wXJ2pkoCxT8?feature=oembed\" frameborder=\"0\" allow=\"accelerometer; autoplay; clipboard-write; encrypted-media; gyroscope; picture-in-picture; web-share\" referrerpolicy=\"strict-origin-when-cross-origin\" allowfullscreen><\/iframe>\n<\/div><\/figure>\n\n\n\n<p>Para Reddeportiva.net la entrevistada adopta una posici\u00f3n reaccionaria cuando interpreta el momento actual utilizando los conceptos conforme al avance cient\u00edfico del siglo XIX.  Seg\u00fan la entrevistada, en nuestra Constituci\u00f3n no est\u00e1 previsto el juicio pol\u00edtico, lo que ser\u00eda un sinsentido en una constituci\u00f3n que s\u00f3lo tiene 28 a\u00f1os.  Cuando se aplica el proceso de Juicio Pol\u00edtico a Alberto Fujimori se genera una importante confirmaci\u00f3n de una doctrina moderna, que nace con la rep\u00fablica de EE.UU. de Am\u00e9rica, constituy\u00e9ndose en un decisivo antecedente que obliga al Congreso Nacional ante circunstancias que guarden similitud en un futuro; ya que destituciones de Presidentes por el Congreso de la Rep\u00fablica se dan en nuestro pa\u00eds desde sus inicios.<\/p>\n","protected":false},"excerpt":{"rendered":"<p>Para Reddeportiva.net la entrevistada adopta una posici\u00f3n reaccionaria cuando interpreta el momento actual utilizando los conceptos conforme al avance cient\u00edfico del siglo XIX. Seg\u00fan la entrevistada, en nuestra Constituci\u00f3n no est\u00e1 previsto el juicio pol\u00edtico, lo que ser\u00eda un sinsentido en una constituci\u00f3n que s\u00f3lo tiene 28 a\u00f1os. Cuando se aplica el proceso de Juicio [&hellip;]<\/p>\n","protected":false},"author":1,"featured_media":0,"comment_status":"closed","ping_status":"closed","sticky":false,"template":"","format":"standard","meta":{"_exactmetrics_skip_tracking":false,"_exactmetrics_sitenote_active":false,"_exactmetrics_sitenote_note":"","_exactmetrics_sitenote_category":0,"ngg_post_thumbnail":0,"footnotes":""},"categories":[36],"tags":[],"class_list":["post-223325","post","type-post","status-publish","format-standard","hentry","category-reddeportiva-net"],"_links":{"self":[{"href":"https:\/\/reddeportiva.net\/principal\/index.php?rest_route=\/wp\/v2\/posts\/223325","targetHints":{"allow":["GET"]}}],"collection":[{"href":"https:\/\/reddeportiva.net\/principal\/index.php?rest_route=\/wp\/v2\/posts"}],"about":[{"href":"https:\/\/reddeportiva.net\/principal\/index.php?rest_route=\/wp\/v2\/types\/post"}],"author":[{"embeddable":true,"href":"https:\/\/reddeportiva.net\/principal\/index.php?rest_route=\/wp\/v2\/users\/1"}],"replies":[{"embeddable":true,"href":"https:\/\/reddeportiva.net\/principal\/index.php?rest_route=%2Fwp%2Fv2%2Fcomments&post=223325"}],"version-history":[{"count":2,"href":"https:\/\/reddeportiva.net\/principal\/index.php?rest_route=\/wp\/v2\/posts\/223325\/revisions"}],"predecessor-version":[{"id":223328,"href":"https:\/\/reddeportiva.net\/principal\/index.php?rest_route=\/wp\/v2\/posts\/223325\/revisions\/223328"}],"wp:attachment":[{"href":"https:\/\/reddeportiva.net\/principal\/index.php?rest_route=%2Fwp%2Fv2%2Fmedia&parent=223325"}],"wp:term":[{"taxonomy":"category","embeddable":true,"href":"https:\/\/reddeportiva.net\/principal\/index.php?rest_route=%2Fwp%2Fv2%2Fcategories&post=223325"},{"taxonomy":"post_tag","embeddable":true,"href":"https:\/\/reddeportiva.net\/principal\/index.php?rest_route=%2Fwp%2Fv2%2Ftags&post=223325"}],"curies":[{"name":"wp","href":"https:\/\/api.w.org\/{rel}","templated":true}]}}