{"id":223024,"date":"2021-10-30T09:22:50","date_gmt":"2021-10-30T14:22:50","guid":{"rendered":"http:\/\/reddeportiva.net\/principal\/?p=223024"},"modified":"2021-10-30T09:22:54","modified_gmt":"2021-10-30T14:22:54","slug":"munoz-sobre-vacancia-hay-todo-un-plan-atras-y-se-busca-desestabilizar","status":"publish","type":"post","link":"https:\/\/reddeportiva.net\/principal\/?p=223024","title":{"rendered":"Mu\u00f1oz sobre vacancia: \u201chay todo un plan atr\u00e1s y se busca desestabilizar\u201d"},"content":{"rendered":"\n<figure class=\"wp-block-embed is-type-video is-provider-youtube wp-block-embed-youtube wp-embed-aspect-16-9 wp-has-aspect-ratio\"><div class=\"wp-block-embed__wrapper\">\n<iframe loading=\"lazy\" title=\"Mu\u00f1oz sobre vacancia: \u201chay todo un plan atr\u00e1s y se busca desestabilizar\u201d\" width=\"625\" height=\"352\" src=\"https:\/\/www.youtube.com\/embed\/4SH0fhNeiNQ?feature=oembed\" frameborder=\"0\" allow=\"accelerometer; autoplay; clipboard-write; encrypted-media; gyroscope; picture-in-picture; web-share\" referrerpolicy=\"strict-origin-when-cross-origin\" allowfullscreen><\/iframe>\n<\/div><\/figure>\n\n\n\n<p>La Municipalidad de Lima est\u00e1 en condiciones de ejercer un liderazgo a nivel nacional, en especial en el terreno de la gesti\u00f3n, la administraci\u00f3n y el desarrollo urbano.  Por tal raz\u00f3n, est\u00e1 en condiciones de desempe\u00f1ar una labor docente a nivel de los Gobiernos Locales de todo el pa\u00eds para lo cual recomendamos que el Plan de Desarrollo deber\u00eda elaborarse con una estructura que sirva de modelo para que las otras ciudades y pueblos puedan ordenarse y organizarse para conseguir un desarrollo equilibrado.  En alguna forma, la documentaci\u00f3n deber\u00eda contener orientaci\u00f3n sobre la distribuci\u00f3n de las funciones propias de la gesti\u00f3n municipal resaltando aquellas de relativa importancia como la Arquitectura Urbana.<\/p>\n","protected":false},"excerpt":{"rendered":"<p>La Municipalidad de Lima est\u00e1 en condiciones de ejercer un liderazgo a nivel nacional, en especial en el terreno de la gesti\u00f3n, la administraci\u00f3n y el desarrollo urbano. Por tal raz\u00f3n, est\u00e1 en condiciones de desempe\u00f1ar una labor docente a nivel de los Gobiernos Locales de todo el pa\u00eds para lo cual recomendamos que el [&hellip;]<\/p>\n","protected":false},"author":1,"featured_media":0,"comment_status":"closed","ping_status":"closed","sticky":false,"template":"","format":"standard","meta":{"_exactmetrics_skip_tracking":false,"_exactmetrics_sitenote_active":false,"_exactmetrics_sitenote_note":"","_exactmetrics_sitenote_category":0,"ngg_post_thumbnail":0,"footnotes":""},"categories":[36,200,1217],"tags":[],"class_list":["post-223024","post","type-post","status-publish","format-standard","hentry","category-reddeportiva-net","category-separata-reddeportiva","category-urbanismo-proyecciones"],"_links":{"self":[{"href":"https:\/\/reddeportiva.net\/principal\/index.php?rest_route=\/wp\/v2\/posts\/223024","targetHints":{"allow":["GET"]}}],"collection":[{"href":"https:\/\/reddeportiva.net\/principal\/index.php?rest_route=\/wp\/v2\/posts"}],"about":[{"href":"https:\/\/reddeportiva.net\/principal\/index.php?rest_route=\/wp\/v2\/types\/post"}],"author":[{"embeddable":true,"href":"https:\/\/reddeportiva.net\/principal\/index.php?rest_route=\/wp\/v2\/users\/1"}],"replies":[{"embeddable":true,"href":"https:\/\/reddeportiva.net\/principal\/index.php?rest_route=%2Fwp%2Fv2%2Fcomments&post=223024"}],"version-history":[{"count":1,"href":"https:\/\/reddeportiva.net\/principal\/index.php?rest_route=\/wp\/v2\/posts\/223024\/revisions"}],"predecessor-version":[{"id":223025,"href":"https:\/\/reddeportiva.net\/principal\/index.php?rest_route=\/wp\/v2\/posts\/223024\/revisions\/223025"}],"wp:attachment":[{"href":"https:\/\/reddeportiva.net\/principal\/index.php?rest_route=%2Fwp%2Fv2%2Fmedia&parent=223024"}],"wp:term":[{"taxonomy":"category","embeddable":true,"href":"https:\/\/reddeportiva.net\/principal\/index.php?rest_route=%2Fwp%2Fv2%2Fcategories&post=223024"},{"taxonomy":"post_tag","embeddable":true,"href":"https:\/\/reddeportiva.net\/principal\/index.php?rest_route=%2Fwp%2Fv2%2Ftags&post=223024"}],"curies":[{"name":"wp","href":"https:\/\/api.w.org\/{rel}","templated":true}]}}