{"id":222894,"date":"2021-10-25T17:57:06","date_gmt":"2021-10-25T22:57:06","guid":{"rendered":"http:\/\/reddeportiva.net\/principal\/?p=222894"},"modified":"2021-10-25T17:57:10","modified_gmt":"2021-10-25T22:57:10","slug":"antonio-maldonado-es-una-verguenza-que-siempre-saquen-el-argumento-de-persecucion-politica","status":"publish","type":"post","link":"https:\/\/reddeportiva.net\/principal\/?p=222894","title":{"rendered":"Antonio Maldonado: \u201cEs una verg\u00fcenza que siempre saquen el argumento de persecuci\u00f3n pol\u00edtica\u201d"},"content":{"rendered":"\n<figure class=\"wp-block-embed is-type-video is-provider-youtube wp-block-embed-youtube wp-embed-aspect-16-9 wp-has-aspect-ratio\"><div class=\"wp-block-embed__wrapper\">\n<iframe loading=\"lazy\" title=\"Antonio Maldonado: \u201cEs una verg\u00fcenza que siempre saquen el argumento de persecuci\u00f3n pol\u00edtica\u201d\" width=\"625\" height=\"352\" src=\"https:\/\/www.youtube.com\/embed\/R4fT8ocOvfI?feature=oembed\" frameborder=\"0\" allow=\"accelerometer; autoplay; clipboard-write; encrypted-media; gyroscope; picture-in-picture; web-share\" referrerpolicy=\"strict-origin-when-cross-origin\" allowfullscreen><\/iframe>\n<\/div><\/figure>\n","protected":false},"excerpt":{"rendered":"","protected":false},"author":1,"featured_media":0,"comment_status":"closed","ping_status":"closed","sticky":false,"template":"","format":"standard","meta":{"_exactmetrics_skip_tracking":false,"_exactmetrics_sitenote_active":false,"_exactmetrics_sitenote_note":"","_exactmetrics_sitenote_category":0,"ngg_post_thumbnail":0,"footnotes":""},"categories":[1278,1253,1295,1303,1325,1243,1223,1176,1392,36,1300,1403,1252,1384,1287],"tags":[],"class_list":["post-222894","post","type-post","status-publish","format-standard","hentry","category-accion-politica-proyecciones","category-buenas-practicas","category-compromisos","category-crimen-organizado","category-excesos-del-poder","category-institucionalidad","category-mundo-politico","category-organizacion-politica-proyecciones","category-rectificacion","category-reddeportiva-net","category-reforma-del-estado","category-reforma-servicios-publicos","category-respeto","category-riesgos-y-vulnerabilidades","category-transparencia"],"_links":{"self":[{"href":"https:\/\/reddeportiva.net\/principal\/index.php?rest_route=\/wp\/v2\/posts\/222894","targetHints":{"allow":["GET"]}}],"collection":[{"href":"https:\/\/reddeportiva.net\/principal\/index.php?rest_route=\/wp\/v2\/posts"}],"about":[{"href":"https:\/\/reddeportiva.net\/principal\/index.php?rest_route=\/wp\/v2\/types\/post"}],"author":[{"embeddable":true,"href":"https:\/\/reddeportiva.net\/principal\/index.php?rest_route=\/wp\/v2\/users\/1"}],"replies":[{"embeddable":true,"href":"https:\/\/reddeportiva.net\/principal\/index.php?rest_route=%2Fwp%2Fv2%2Fcomments&post=222894"}],"version-history":[{"count":1,"href":"https:\/\/reddeportiva.net\/principal\/index.php?rest_route=\/wp\/v2\/posts\/222894\/revisions"}],"predecessor-version":[{"id":222895,"href":"https:\/\/reddeportiva.net\/principal\/index.php?rest_route=\/wp\/v2\/posts\/222894\/revisions\/222895"}],"wp:attachment":[{"href":"https:\/\/reddeportiva.net\/principal\/index.php?rest_route=%2Fwp%2Fv2%2Fmedia&parent=222894"}],"wp:term":[{"taxonomy":"category","embeddable":true,"href":"https:\/\/reddeportiva.net\/principal\/index.php?rest_route=%2Fwp%2Fv2%2Fcategories&post=222894"},{"taxonomy":"post_tag","embeddable":true,"href":"https:\/\/reddeportiva.net\/principal\/index.php?rest_route=%2Fwp%2Fv2%2Ftags&post=222894"}],"curies":[{"name":"wp","href":"https:\/\/api.w.org\/{rel}","templated":true}]}}