{"id":222832,"date":"2021-10-23T21:15:54","date_gmt":"2021-10-24T02:15:54","guid":{"rendered":"http:\/\/reddeportiva.net\/principal\/?p=222832"},"modified":"2021-10-23T21:15:58","modified_gmt":"2021-10-24T02:15:58","slug":"las-politicas-generales-del-gobierno","status":"publish","type":"post","link":"https:\/\/reddeportiva.net\/principal\/?p=222832","title":{"rendered":"Las pol\u00edticas generales del Gobierno"},"content":{"rendered":"\n<figure class=\"wp-block-embed is-type-video is-provider-youtube wp-block-embed-youtube wp-embed-aspect-16-9 wp-has-aspect-ratio\"><div class=\"wp-block-embed__wrapper\">\n<iframe loading=\"lazy\" title=\"Las pol\u00edticas generales del Gobierno\" width=\"625\" height=\"352\" src=\"https:\/\/www.youtube.com\/embed\/RVlqyN0p-Pk?feature=oembed\" frameborder=\"0\" allow=\"accelerometer; autoplay; clipboard-write; encrypted-media; gyroscope; picture-in-picture; web-share\" referrerpolicy=\"strict-origin-when-cross-origin\" allowfullscreen><\/iframe>\n<\/div><\/figure>\n\n\n\n<p>En Reddeportiva.net queremos agradecer al Montonero y a la Dra. Mercedes Ar\u00e1oz, la informaci\u00f3n que nos alcanzan en v\u00eddeos como el adjunto, la cual proporciona valiosos elementos para evaluar las propuestas de gobierno que lleguen a nuestras manos; a la vez que nos permiten apreciar formas de pensar org\u00e1nicas, coherentes y factibles.\u00a0 Entendemos que dar impulso a la agricultura familiar es un gran reto el cual debe ser enfrentado poniendo en marcha un amplio espectro de medidas a tomar en los distintos niveles de gesti\u00f3n p\u00fablica y privada.\u00a0 Valoramos mucho que se pida organizar los trabajos desde la perspectiva propia de los campesinos para lo cual es necesario empoderar los valores y las iniciativas que puedan aportar los mismos agricultores, a cuyos planes deber\u00e1 unirse una reforma de los servicios del Estado para conseguir resultados que puedan considerarse satisfactorios.\u00a0 Tambi\u00e9n creemos que faltan iniciativas privadas para organizar y coordinar todas estas actividades que pueden caer en el agotamiento por falta de un control centralizado capaz de hacer sugerencias para rectificar rumbos, ampliar objetivos y hasta arbitrar controversias.\u00a0 Desde una perspectiva privada, resulta de mucha importancia que puedan articularse habilidades, tecnolog\u00edas, conocimiento, organizaci\u00f3n, gesti\u00f3n y difusi\u00f3n de noticias con el fin de conseguir mejores decisiones y mayores garant\u00edas para los derechos y las libertades ciudadanas.<\/p>\n","protected":false},"excerpt":{"rendered":"<p>En Reddeportiva.net queremos agradecer al Montonero y a la Dra. Mercedes Ar\u00e1oz, la informaci\u00f3n que nos alcanzan en v\u00eddeos como el adjunto, la cual proporciona valiosos elementos para evaluar las propuestas de gobierno que lleguen a nuestras manos; a la vez que nos permiten apreciar formas de pensar org\u00e1nicas, coherentes y factibles.\u00a0 Entendemos que dar [&hellip;]<\/p>\n","protected":false},"author":1,"featured_media":0,"comment_status":"closed","ping_status":"closed","sticky":false,"template":"","format":"standard","meta":{"_exactmetrics_skip_tracking":false,"_exactmetrics_sitenote_active":false,"_exactmetrics_sitenote_note":"","_exactmetrics_sitenote_category":0,"ngg_post_thumbnail":0,"footnotes":""},"categories":[1278,1229,1351,1296,1249,1400,1293,1223,1341,1214,36,1403,1345,200],"tags":[],"class_list":["post-222832","post","type-post","status-publish","format-standard","hentry","category-accion-politica-proyecciones","category-agricultura-produccion-proyecciones","category-compostaje-ambiente","category-concertacion","category-mercadeo-justo","category-modernizacion-proyeccion","category-mundo-laboral","category-mundo-politico","category-promocion-y-ayudas","category-proyecciones-abastos","category-reddeportiva-net","category-reforma-servicios-publicos","category-ruralismo-proyecciones","category-separata-reddeportiva"],"_links":{"self":[{"href":"https:\/\/reddeportiva.net\/principal\/index.php?rest_route=\/wp\/v2\/posts\/222832","targetHints":{"allow":["GET"]}}],"collection":[{"href":"https:\/\/reddeportiva.net\/principal\/index.php?rest_route=\/wp\/v2\/posts"}],"about":[{"href":"https:\/\/reddeportiva.net\/principal\/index.php?rest_route=\/wp\/v2\/types\/post"}],"author":[{"embeddable":true,"href":"https:\/\/reddeportiva.net\/principal\/index.php?rest_route=\/wp\/v2\/users\/1"}],"replies":[{"embeddable":true,"href":"https:\/\/reddeportiva.net\/principal\/index.php?rest_route=%2Fwp%2Fv2%2Fcomments&post=222832"}],"version-history":[{"count":1,"href":"https:\/\/reddeportiva.net\/principal\/index.php?rest_route=\/wp\/v2\/posts\/222832\/revisions"}],"predecessor-version":[{"id":222833,"href":"https:\/\/reddeportiva.net\/principal\/index.php?rest_route=\/wp\/v2\/posts\/222832\/revisions\/222833"}],"wp:attachment":[{"href":"https:\/\/reddeportiva.net\/principal\/index.php?rest_route=%2Fwp%2Fv2%2Fmedia&parent=222832"}],"wp:term":[{"taxonomy":"category","embeddable":true,"href":"https:\/\/reddeportiva.net\/principal\/index.php?rest_route=%2Fwp%2Fv2%2Fcategories&post=222832"},{"taxonomy":"post_tag","embeddable":true,"href":"https:\/\/reddeportiva.net\/principal\/index.php?rest_route=%2Fwp%2Fv2%2Ftags&post=222832"}],"curies":[{"name":"wp","href":"https:\/\/api.w.org\/{rel}","templated":true}]}}