{"id":222782,"date":"2021-10-22T14:43:51","date_gmt":"2021-10-22T19:43:51","guid":{"rendered":"http:\/\/reddeportiva.net\/principal\/?p=222782"},"modified":"2021-10-22T14:43:56","modified_gmt":"2021-10-22T19:43:56","slug":"anibal-torres-el-anhelo-de-la-gente-es-que-se-convoque-a-una-asamblea-constituyente","status":"publish","type":"post","link":"https:\/\/reddeportiva.net\/principal\/?p=222782","title":{"rendered":"An\u00edbal Torres: \u00abel anhelo de la gente es que se convoque a una Asamblea Constituyente\u00bb"},"content":{"rendered":"\n<figure class=\"wp-block-embed is-type-video is-provider-youtube wp-block-embed-youtube wp-embed-aspect-16-9 wp-has-aspect-ratio\"><div class=\"wp-block-embed__wrapper\">\n<iframe loading=\"lazy\" title=\"An\u00edbal Torres: &quot;el anhelo de la gente es que se convoque a una Asamblea Constituyente&quot;\" width=\"625\" height=\"352\" src=\"https:\/\/www.youtube.com\/embed\/P2tpC3m0zcU?feature=oembed\" frameborder=\"0\" allow=\"accelerometer; autoplay; clipboard-write; encrypted-media; gyroscope; picture-in-picture; web-share\" referrerpolicy=\"strict-origin-when-cross-origin\" allowfullscreen><\/iframe>\n<\/div><\/figure>\n\n\n\n<p>En pol\u00edtica todo tiene l\u00edmites, como tambi\u00e9n lo tienen las cuestiones morales.  Las Leyes tienen un Esp\u00edritu que debe respetarse al amparo de un marco de Valores y Principios.  Poner al Tribunal Constitucional por sobre el Congreso Nacional no tiene sentido alguno.  El Tribunal solo tiene capacidad para actuar cuando le llega una controversia la que deber\u00e1 resolver interpretando la cuesti\u00f3n planteada conforme al texto de la Constituci\u00f3n y a los l\u00edmites que se entiende existen.  En cambio, el Congreso Nacional tiene la capacidad, siguiendo el procedimiento establecido, para modificar tanto el texto de la Constituci\u00f3n como los l\u00edmites de la misma.  Que el pueblo es el soberano, nadie lo duda.  Pero desde este punto de partida, hasta llegar a la opini\u00f3n de que existe arbitrariedad en la decisi\u00f3n del Congreso Nacional, hay un gran trecho y de por medio muchos pasos entre los que pueden aparecer muchas interpretaciones, invalidando la acusaci\u00f3n de arbitrariedad que el Ministro quiere atribuir a lo aprobado por el Congreso Nacional.  Las cosas son lo que son, independientemente del t\u00edtulo que lleven.  En nuestra opini\u00f3n no se puede hablar de modificaci\u00f3n de la Constituci\u00f3n en el presente caso, si nos atenemos a la letra de la Constituci\u00f3n.  Lo hecho por Vizcarra fue un golpe de estado al forzar un argumento sin respaldo doctrinario y menos textual de alg\u00fan p\u00e1rrafo constitucional; por lo tanto, defender como lo hace el Ministro que la \u00abverdad constitucional\u00bb est\u00e1 de su lado sin que sea posible interpretar la Constituci\u00f3n en el sentido contrario no se ajusta a los hechos por cuanto no hay texto en la Constituci\u00f3n que avale la \u00abinterpretaci\u00f3n f\u00e1ctica\u00bb dada por el golpista Vizcarra.  M\u00e1s bien, la controversia aparece cuando quien ocupaba el cargo de Presidente de la Rep\u00fablica crea una interpretaci\u00f3n claramente incongruente con el ordenamiento y la doctrina constitucional y el Tribunal Constitucional act\u00faa a nivel de susurros al llegar la controversia a sus manos cuando lo que se requer\u00eda era una voz firme y digna que reestableciera el orden constitucional.  Es alarmante para la opini\u00f3n p\u00fablica que el Ministro afirme que la oposici\u00f3n tiene la intenci\u00f3n de vacar al Presidente, sin darse cuenta que la gesti\u00f3n del Poder Ejecutivo es casi inexistente y sin embargo ning\u00fan partido pol\u00edtico le est\u00e1 reclamando por esta debilidad que bien podr\u00eda ser motivo de controversia en funci\u00f3n de las distintas concepciones que cada agrupaci\u00f3n tenga sobre lo que significa el desarrollo pol\u00edtico y econ\u00f3mico para la poblaci\u00f3n.  Nuestra afirmaci\u00f3n la basamos en que mucho de lo afirmado por el Presidente no pasa de ser el t\u00edtulo de trabajos por realizar, sin haber llegado a presentar propuestas concretas puestas a la consideraci\u00f3n de la opini\u00f3n p\u00fablica para su pronunciamiento, como si lo que estuviera esperando fuera el encontrar vientos favorables a ser revelados por la encuestas.  Consideramos lamentable que el Ministro no distinga el nivel de las faltas y delitos, del nivel moral y del conflicto de intereses con la coherencia que las altas responsabilidades de los poderes p\u00fablicos exigen.  Vemos continuamente como se minimiza la importancia de los Valores y Principios cuando se trata de los \u00abamigos\u00bb y se exagera sus alcances cuando se trata de los contrarios.  M\u00e1s valiera levantar los temas que tengan importancia para conseguir el fin de acelerar la marcha del mundo real, lo que resulta ser prioritario; sin perdernos en cuestiones de segundo nivel que necesariamente tendr\u00e1n que alinearse con lo que se resuelva para los asuntos importantes.  Eso es lo pr\u00e1ctico.  En cuanto al modelo de la econom\u00eda social de mercado, tal parece que la entrevista se encamina m\u00e1s por el lado propagand\u00edstico que por el lado informativo porque se olvida de mencionar que el Congreso Nacional puede crear empresas estatales, lo que en el fondo es un candado ante tantos abusos cometidos en el pasado; como tambi\u00e9n se omite que el Sector P\u00fablico tiene entre sus manos una gran responsabilidad de gesti\u00f3n en los sectores de educaci\u00f3n y salud, los cuales acumulan muchas quejas de los usuarios por las deficiencias que permanecen sin poder ser superadas.<\/p>\n","protected":false},"excerpt":{"rendered":"<p>En pol\u00edtica todo tiene l\u00edmites, como tambi\u00e9n lo tienen las cuestiones morales. Las Leyes tienen un Esp\u00edritu que debe respetarse al amparo de un marco de Valores y Principios. Poner al Tribunal Constitucional por sobre el Congreso Nacional no tiene sentido alguno. El Tribunal solo tiene capacidad para actuar cuando le llega una controversia la [&hellip;]<\/p>\n","protected":false},"author":1,"featured_media":0,"comment_status":"closed","ping_status":"closed","sticky":false,"template":"","format":"standard","meta":{"_exactmetrics_skip_tracking":false,"_exactmetrics_sitenote_active":false,"_exactmetrics_sitenote_note":"","_exactmetrics_sitenote_category":0,"ngg_post_thumbnail":0,"footnotes":""},"categories":[36,200],"tags":[],"class_list":["post-222782","post","type-post","status-publish","format-standard","hentry","category-reddeportiva-net","category-separata-reddeportiva"],"_links":{"self":[{"href":"https:\/\/reddeportiva.net\/principal\/index.php?rest_route=\/wp\/v2\/posts\/222782","targetHints":{"allow":["GET"]}}],"collection":[{"href":"https:\/\/reddeportiva.net\/principal\/index.php?rest_route=\/wp\/v2\/posts"}],"about":[{"href":"https:\/\/reddeportiva.net\/principal\/index.php?rest_route=\/wp\/v2\/types\/post"}],"author":[{"embeddable":true,"href":"https:\/\/reddeportiva.net\/principal\/index.php?rest_route=\/wp\/v2\/users\/1"}],"replies":[{"embeddable":true,"href":"https:\/\/reddeportiva.net\/principal\/index.php?rest_route=%2Fwp%2Fv2%2Fcomments&post=222782"}],"version-history":[{"count":1,"href":"https:\/\/reddeportiva.net\/principal\/index.php?rest_route=\/wp\/v2\/posts\/222782\/revisions"}],"predecessor-version":[{"id":222783,"href":"https:\/\/reddeportiva.net\/principal\/index.php?rest_route=\/wp\/v2\/posts\/222782\/revisions\/222783"}],"wp:attachment":[{"href":"https:\/\/reddeportiva.net\/principal\/index.php?rest_route=%2Fwp%2Fv2%2Fmedia&parent=222782"}],"wp:term":[{"taxonomy":"category","embeddable":true,"href":"https:\/\/reddeportiva.net\/principal\/index.php?rest_route=%2Fwp%2Fv2%2Fcategories&post=222782"},{"taxonomy":"post_tag","embeddable":true,"href":"https:\/\/reddeportiva.net\/principal\/index.php?rest_route=%2Fwp%2Fv2%2Ftags&post=222782"}],"curies":[{"name":"wp","href":"https:\/\/api.w.org\/{rel}","templated":true}]}}