{"id":222776,"date":"2021-10-22T09:06:17","date_gmt":"2021-10-22T14:06:17","guid":{"rendered":"http:\/\/reddeportiva.net\/principal\/?p=222776"},"modified":"2021-10-22T09:49:08","modified_gmt":"2021-10-22T14:49:08","slug":"anibal-quiroga-ley-aprobada-restituye-la-cuestion-de-confianza-en-una-interpretacion-correcta","status":"publish","type":"post","link":"https:\/\/reddeportiva.net\/principal\/?p=222776","title":{"rendered":"An\u00edbal Quiroga: \u201cLey aprobada restituye la cuesti\u00f3n de confianza en una interpretaci\u00f3n correcta\u201d"},"content":{"rendered":"\n<figure class=\"wp-block-embed is-type-video is-provider-youtube wp-block-embed-youtube wp-embed-aspect-16-9 wp-has-aspect-ratio\"><div class=\"wp-block-embed__wrapper\">\n<iframe loading=\"lazy\" title=\"An\u00edbal Quiroga: \u201cLey aprobada restituye la cuesti\u00f3n de confianza en una interpretaci\u00f3n correcta\u201d\" width=\"625\" height=\"352\" src=\"https:\/\/www.youtube.com\/embed\/Q289f6HMO8s?feature=oembed\" frameborder=\"0\" allow=\"accelerometer; autoplay; clipboard-write; encrypted-media; gyroscope; picture-in-picture; web-share\" referrerpolicy=\"strict-origin-when-cross-origin\" allowfullscreen><\/iframe>\n<\/div><\/figure>\n\n\n\n<p>La pretensi\u00f3n del Gobierno al presentar un nuevo proyecto de modificaci\u00f3n de la Constituci\u00f3n relacionado con la vacancia presidencial es claramente una maniobra dilatoria para retrasar la entrada en vigencia de una soluci\u00f3n cuya discusi\u00f3n hab\u00eda terminado ya en el Congreso Nacional relacionada con las cuestiones de confianza.  M\u00e1s a\u00fan si observamos que el proyecto presentado por el Gobierno asum\u00eda una posici\u00f3n extrema que retiraba del campo pol\u00edtico una cuesti\u00f3n de la mayor trascendencia, restringi\u00e9ndola a la decisi\u00f3n de una comisi\u00f3n m\u00e9dica nombrada a dedo en un procedimiento m\u00e1s vulnerable que nombrar a los que cuentan los votos en un proceso electoral; lo que nos hace pensar que la soluci\u00f3n de este segundo tema tiene muchos meses por delante.<\/p>\n","protected":false},"excerpt":{"rendered":"<p>La pretensi\u00f3n del Gobierno al presentar un nuevo proyecto de modificaci\u00f3n de la Constituci\u00f3n relacionado con la vacancia presidencial es claramente una maniobra dilatoria para retrasar la entrada en vigencia de una soluci\u00f3n cuya discusi\u00f3n hab\u00eda terminado ya en el Congreso Nacional relacionada con las cuestiones de confianza. M\u00e1s a\u00fan si observamos que el proyecto [&hellip;]<\/p>\n","protected":false},"author":1,"featured_media":0,"comment_status":"closed","ping_status":"closed","sticky":false,"template":"","format":"standard","meta":{"_exactmetrics_skip_tracking":false,"_exactmetrics_sitenote_active":false,"_exactmetrics_sitenote_note":"","_exactmetrics_sitenote_category":0,"ngg_post_thumbnail":0,"footnotes":""},"categories":[1307,1243,36,1300,200],"tags":[],"class_list":["post-222776","post","type-post","status-publish","format-standard","hentry","category-estado-de-derecho","category-institucionalidad","category-reddeportiva-net","category-reforma-del-estado","category-separata-reddeportiva"],"_links":{"self":[{"href":"https:\/\/reddeportiva.net\/principal\/index.php?rest_route=\/wp\/v2\/posts\/222776","targetHints":{"allow":["GET"]}}],"collection":[{"href":"https:\/\/reddeportiva.net\/principal\/index.php?rest_route=\/wp\/v2\/posts"}],"about":[{"href":"https:\/\/reddeportiva.net\/principal\/index.php?rest_route=\/wp\/v2\/types\/post"}],"author":[{"embeddable":true,"href":"https:\/\/reddeportiva.net\/principal\/index.php?rest_route=\/wp\/v2\/users\/1"}],"replies":[{"embeddable":true,"href":"https:\/\/reddeportiva.net\/principal\/index.php?rest_route=%2Fwp%2Fv2%2Fcomments&post=222776"}],"version-history":[{"count":2,"href":"https:\/\/reddeportiva.net\/principal\/index.php?rest_route=\/wp\/v2\/posts\/222776\/revisions"}],"predecessor-version":[{"id":222779,"href":"https:\/\/reddeportiva.net\/principal\/index.php?rest_route=\/wp\/v2\/posts\/222776\/revisions\/222779"}],"wp:attachment":[{"href":"https:\/\/reddeportiva.net\/principal\/index.php?rest_route=%2Fwp%2Fv2%2Fmedia&parent=222776"}],"wp:term":[{"taxonomy":"category","embeddable":true,"href":"https:\/\/reddeportiva.net\/principal\/index.php?rest_route=%2Fwp%2Fv2%2Fcategories&post=222776"},{"taxonomy":"post_tag","embeddable":true,"href":"https:\/\/reddeportiva.net\/principal\/index.php?rest_route=%2Fwp%2Fv2%2Ftags&post=222776"}],"curies":[{"name":"wp","href":"https:\/\/api.w.org\/{rel}","templated":true}]}}