{"id":221901,"date":"2021-09-20T05:49:50","date_gmt":"2021-09-20T10:49:50","guid":{"rendered":"http:\/\/reddeportiva.net\/principal\/?p=221901"},"modified":"2021-09-20T21:46:09","modified_gmt":"2021-09-21T02:46:09","slug":"analista-politico-eduardo-zapata-temor-por-eventuales-homenajes-y-lugares-de-culto-pbo","status":"publish","type":"post","link":"https:\/\/reddeportiva.net\/principal\/?p=221901","title":{"rendered":"Analista pol\u00edtico Eduardo Zapata TEMOR POR EVENTUALES HOMENAJES Y LUGARES DE CULTO | PBO"},"content":{"rendered":"\n<figure class=\"wp-block-embed is-type-video is-provider-youtube wp-block-embed-youtube wp-embed-aspect-16-9 wp-has-aspect-ratio\"><div class=\"wp-block-embed__wrapper\">\n<iframe loading=\"lazy\" title=\"Analista pol\u00edtico Eduardo Zapata TEMOR POR EVENTUALES HOMENAJES Y LUGARES DE CULTO | PBO\" width=\"625\" height=\"352\" src=\"https:\/\/www.youtube.com\/embed\/w_abMo9DTtM?feature=oembed\" frameborder=\"0\" allow=\"accelerometer; autoplay; clipboard-write; encrypted-media; gyroscope; picture-in-picture; web-share\" referrerpolicy=\"strict-origin-when-cross-origin\" allowfullscreen><\/iframe>\n<\/div><\/figure>\n\n\n\n<p>En Reddeportiva.net nos interesa complementar y no contradecir lo dicho en el v\u00eddeo por el entrevistado.\u00a0 Nos interesa recalcar que no hemos tomado debida conciencia de lo que significa la sustituci\u00f3n de la Constituci\u00f3n de 1979 y su reemplazo por la Constituci\u00f3n del a\u00f1o 1993.\u00a0 Aparentemente, hemos tomado conciencia que el Estado debe reducirse, en especial en el sector de las empresas estatales y los subsidios sin l\u00edmites.\u00a0 Hemos afirmado que el liderazgo econ\u00f3mico lo asume la empresa privada y que el Sector P\u00fablico debe asumir un papel subsidiario.\u00a0 Hasta lo dicho, pareciera que las ideas est\u00e1n m\u00e1s o menos claras.\u00a0 Lo que se omite decir es que al limitarse al Estado en ciertas actividades de direcci\u00f3n econ\u00f3mica, se est\u00e1n produciendo vac\u00edos en la concertaci\u00f3n y el efectivo ejercicio en los liderazgos sectoriales y regionales que las empresas privadas han debido asimilar y ocupar; lo que no viene ocurriendo hasta el momento agudizando la falta de una direcci\u00f3n y una gesti\u00f3n que optimice la utilizaci\u00f3n de los recursos sociales; con lo que queda pendiente la necesidad, pero sin que aparezca respuesta alguna, ni entidad que asuma la responsabilidad que \u00e9sta se d\u00e9.\u00a0 Estas labores no pueden continuar quedando en la indefinici\u00f3n cuando de asumir liderazgos se trata porque permanecer en un limbo como el se\u00f1alado no tiene justificaci\u00f3n alguna.  (Lecturas adicionales: <a href=\"https:\/\/www2.congreso.gob.pe\/sicr\/cendocbib\/con3_uibd.nsf\/42E3178EE33F7655052578F40056DE2F\/$FILE\/El_rol_subsidiario_del_Estado.pdf\">https:\/\/www2.congreso.gob.pe\/sicr\/cendocbib\/con3_uibd.nsf\/42E3178EE33F7655052578F40056DE2F\/$FILE\/El_rol_subsidiario_del_Estado.pdf<\/a> <a href=\"https:\/\/semanariocomexperu.wordpress.com\/el-estado-tiene-un-rol-subsidiario\/\">https:\/\/semanariocomexperu.wordpress.com\/el-estado-tiene-un-rol-subsidiario\/<\/a>  <a href=\"https:\/\/pirhua.udep.edu.pe\/bitstream\/handle\/11042\/3716\/DER-L_021.pdf\">https:\/\/pirhua.udep.edu.pe\/bitstream\/handle\/11042\/3716\/DER-L_021.pdf<\/a> )<\/p>\n","protected":false},"excerpt":{"rendered":"<p>En Reddeportiva.net nos interesa complementar y no contradecir lo dicho en el v\u00eddeo por el entrevistado.\u00a0 Nos interesa recalcar que no hemos tomado debida conciencia de lo que significa la sustituci\u00f3n de la Constituci\u00f3n de 1979 y su reemplazo por la Constituci\u00f3n del a\u00f1o 1993.\u00a0 Aparentemente, hemos tomado conciencia que el Estado debe reducirse, en [&hellip;]<\/p>\n","protected":false},"author":1,"featured_media":0,"comment_status":"closed","ping_status":"closed","sticky":false,"template":"","format":"standard","meta":{"_exactmetrics_skip_tracking":false,"_exactmetrics_sitenote_active":false,"_exactmetrics_sitenote_note":"","_exactmetrics_sitenote_category":0,"ngg_post_thumbnail":0,"footnotes":""},"categories":[36,200],"tags":[],"class_list":["post-221901","post","type-post","status-publish","format-standard","hentry","category-reddeportiva-net","category-separata-reddeportiva"],"_links":{"self":[{"href":"https:\/\/reddeportiva.net\/principal\/index.php?rest_route=\/wp\/v2\/posts\/221901","targetHints":{"allow":["GET"]}}],"collection":[{"href":"https:\/\/reddeportiva.net\/principal\/index.php?rest_route=\/wp\/v2\/posts"}],"about":[{"href":"https:\/\/reddeportiva.net\/principal\/index.php?rest_route=\/wp\/v2\/types\/post"}],"author":[{"embeddable":true,"href":"https:\/\/reddeportiva.net\/principal\/index.php?rest_route=\/wp\/v2\/users\/1"}],"replies":[{"embeddable":true,"href":"https:\/\/reddeportiva.net\/principal\/index.php?rest_route=%2Fwp%2Fv2%2Fcomments&post=221901"}],"version-history":[{"count":5,"href":"https:\/\/reddeportiva.net\/principal\/index.php?rest_route=\/wp\/v2\/posts\/221901\/revisions"}],"predecessor-version":[{"id":221941,"href":"https:\/\/reddeportiva.net\/principal\/index.php?rest_route=\/wp\/v2\/posts\/221901\/revisions\/221941"}],"wp:attachment":[{"href":"https:\/\/reddeportiva.net\/principal\/index.php?rest_route=%2Fwp%2Fv2%2Fmedia&parent=221901"}],"wp:term":[{"taxonomy":"category","embeddable":true,"href":"https:\/\/reddeportiva.net\/principal\/index.php?rest_route=%2Fwp%2Fv2%2Fcategories&post=221901"},{"taxonomy":"post_tag","embeddable":true,"href":"https:\/\/reddeportiva.net\/principal\/index.php?rest_route=%2Fwp%2Fv2%2Ftags&post=221901"}],"curies":[{"name":"wp","href":"https:\/\/api.w.org\/{rel}","templated":true}]}}