{"id":221614,"date":"2021-09-11T01:44:10","date_gmt":"2021-09-11T06:44:10","guid":{"rendered":"http:\/\/reddeportiva.net\/principal\/?p=221614"},"modified":"2021-09-11T01:44:13","modified_gmt":"2021-09-11T06:44:13","slug":"beto-a-saber-set-09-1-3-coches-bomba-contra-la-prensa-willax","status":"publish","type":"post","link":"https:\/\/reddeportiva.net\/principal\/?p=221614","title":{"rendered":"Beto a Saber &#8211; SET 09 &#8211; 1\/3 | COCHES BOMBA CONTRA LA PRENSA | Willax"},"content":{"rendered":"\n<figure class=\"wp-block-embed is-type-video is-provider-youtube wp-block-embed-youtube wp-embed-aspect-16-9 wp-has-aspect-ratio\"><div class=\"wp-block-embed__wrapper\">\n<iframe loading=\"lazy\" title=\"Beto a Saber - SET 09 - 1\/3 | COCHES BOMBA CONTRA LA PRENSA | Willax\" width=\"625\" height=\"352\" src=\"https:\/\/www.youtube.com\/embed\/9c8e0xT_u5s?feature=oembed\" frameborder=\"0\" allow=\"accelerometer; autoplay; clipboard-write; encrypted-media; gyroscope; picture-in-picture; web-share\" referrerpolicy=\"strict-origin-when-cross-origin\" allowfullscreen><\/iframe>\n<\/div><\/figure>\n\n\n\n<p>A nuestra opini\u00f3n sobre los v\u00ednculos entre la pol\u00edtica y la prensa peruana ya expresada en el siguiente enlace: <a href=\"https:\/\/reddeportiva.net\/principal\/?p=221608\">https:\/\/reddeportiva.net\/principal\/?p=221608<\/a>; queremos agregar algunas ideas sobre el modelo del comportamiento de la sociedad peruana que impulsamos desde hace alg\u00fan tiempo.  Los partidarios de Per\u00fa Libre adoptan el criterio de la lucha de clases para explicar el comportamiento de nuestra sociedad.  Es decir, hacen un corte horizontal y afirman que hay una lucha entre los de arriba y los de abajo, de los ricos contra los pobres, de los empresarios contra los trabajadores.  El modelo que estamos impulsando en Reddeportiva.net pretende basarse no en una dial\u00e9ctica Hegeliana, sino m\u00e1s bien en la observaci\u00f3n y la adhesi\u00f3n al sentido com\u00fan.  Afirmamos que es m\u00e1s apropiado hacer cortes verticales para seguir con mayor precisi\u00f3n la evoluci\u00f3n pol\u00edtica y econ\u00f3mica de la sociedad en que vivimos.  En Reddeportiva.net hemos afirmado que en el Per\u00fa hay un centro pol\u00edtico impulsado por una clase media que ha sido permanentemente atacado por los extremos tanto de derecha como de izquierda por una raz\u00f3n de facilismo en el corto plazo y por una falta de madurez unida a la pereza para negociar objetivos en largo plazo que permitan la aprobaci\u00f3n de Pol\u00edticas de Estado y de convenios de gobernabilidad que nos conduzcan a m\u00e1s elevados niveles de gesti\u00f3n (ver: <a href=\"https:\/\/reddeportiva.net\/principal\/?p=221189\">https:\/\/reddeportiva.net\/principal\/?p=221189<\/a> ).<\/p>\n","protected":false},"excerpt":{"rendered":"<p>A nuestra opini\u00f3n sobre los v\u00ednculos entre la pol\u00edtica y la prensa peruana ya expresada en el siguiente enlace: https:\/\/reddeportiva.net\/principal\/?p=221608; queremos agregar algunas ideas sobre el modelo del comportamiento de la sociedad peruana que impulsamos desde hace alg\u00fan tiempo. Los partidarios de Per\u00fa Libre adoptan el criterio de la lucha de clases para explicar el [&hellip;]<\/p>\n","protected":false},"author":1,"featured_media":0,"comment_status":"closed","ping_status":"closed","sticky":false,"template":"","format":"standard","meta":{"_exactmetrics_skip_tracking":false,"_exactmetrics_sitenote_active":false,"_exactmetrics_sitenote_note":"","_exactmetrics_sitenote_category":0,"ngg_post_thumbnail":0,"footnotes":""},"categories":[36,200],"tags":[],"class_list":["post-221614","post","type-post","status-publish","format-standard","hentry","category-reddeportiva-net","category-separata-reddeportiva"],"_links":{"self":[{"href":"https:\/\/reddeportiva.net\/principal\/index.php?rest_route=\/wp\/v2\/posts\/221614","targetHints":{"allow":["GET"]}}],"collection":[{"href":"https:\/\/reddeportiva.net\/principal\/index.php?rest_route=\/wp\/v2\/posts"}],"about":[{"href":"https:\/\/reddeportiva.net\/principal\/index.php?rest_route=\/wp\/v2\/types\/post"}],"author":[{"embeddable":true,"href":"https:\/\/reddeportiva.net\/principal\/index.php?rest_route=\/wp\/v2\/users\/1"}],"replies":[{"embeddable":true,"href":"https:\/\/reddeportiva.net\/principal\/index.php?rest_route=%2Fwp%2Fv2%2Fcomments&post=221614"}],"version-history":[{"count":1,"href":"https:\/\/reddeportiva.net\/principal\/index.php?rest_route=\/wp\/v2\/posts\/221614\/revisions"}],"predecessor-version":[{"id":221615,"href":"https:\/\/reddeportiva.net\/principal\/index.php?rest_route=\/wp\/v2\/posts\/221614\/revisions\/221615"}],"wp:attachment":[{"href":"https:\/\/reddeportiva.net\/principal\/index.php?rest_route=%2Fwp%2Fv2%2Fmedia&parent=221614"}],"wp:term":[{"taxonomy":"category","embeddable":true,"href":"https:\/\/reddeportiva.net\/principal\/index.php?rest_route=%2Fwp%2Fv2%2Fcategories&post=221614"},{"taxonomy":"post_tag","embeddable":true,"href":"https:\/\/reddeportiva.net\/principal\/index.php?rest_route=%2Fwp%2Fv2%2Ftags&post=221614"}],"curies":[{"name":"wp","href":"https:\/\/api.w.org\/{rel}","templated":true}]}}