{"id":221608,"date":"2021-09-10T23:06:26","date_gmt":"2021-09-11T04:06:26","guid":{"rendered":"http:\/\/reddeportiva.net\/principal\/?p=221608"},"modified":"2021-09-11T00:02:26","modified_gmt":"2021-09-11T05:02:26","slug":"milagros-leiva-entrevista-set-09-2-3-willax","status":"publish","type":"post","link":"https:\/\/reddeportiva.net\/principal\/?p=221608","title":{"rendered":"Milagros Leiva Entrevista &#8211; SET 09 &#8211; 2\/3 | Willax"},"content":{"rendered":"\n<figure class=\"wp-block-embed is-type-video is-provider-youtube wp-block-embed-youtube wp-embed-aspect-16-9 wp-has-aspect-ratio\"><div class=\"wp-block-embed__wrapper\">\n<iframe loading=\"lazy\" title=\"Milagros Leiva Entrevista - SET 09 - 2\/3 | LOS BENEFICIADOS DE PER\u00da LIBRE | Willax\" width=\"625\" height=\"352\" src=\"https:\/\/www.youtube.com\/embed\/je7b0H3DHXE?feature=oembed\" frameborder=\"0\" allow=\"accelerometer; autoplay; clipboard-write; encrypted-media; gyroscope; picture-in-picture; web-share\" referrerpolicy=\"strict-origin-when-cross-origin\" allowfullscreen><\/iframe>\n<\/div><\/figure>\n\n\n\n<p>En Reddeportiva.net opinamos que es inaceptable la afirmaci\u00f3n que sea necesario el pronunciamiento del Poder Judicial para poder criticar a un Ministro de Estado.\u00a0 El cargo de Ministro es en esencia un puesto pol\u00edtico y es en este plano que se les debe evaluar.\u00a0 En cuanto al insulto abierto a los periodistas, as\u00ed como a cualquier otro profesional, cuando dicen que \u00e9stos se niegan a apoyar al gobierno porque no se les transfiere dinero; opinamos que se les debe aplicar el dicho que \u00ablos insultos comienzan cuando se acaban los argumentos\u00bb.\u00a0 El hecho que los grandes medios hayan ejecutado un plan de \u00abpensamiento \u00fanico\u00bb corresponde a un acto complejo en el que han intervenido varias \u00abpartes\u00bb, por lo que criticar solo a un sector es claramente una injusticia; en cambio, si se refer\u00eda a casos de extorsi\u00f3n los cuales han sido y son p\u00fablicamente notorios, debe quedar claro que son una excepci\u00f3n, por lo que si buscamos alg\u00fan dicho o refr\u00e1n que se les aproxime, solo se nos ocurre el referido a quienes cometen faltas \u201cy creen que todos los otros son de su misma condici\u00f3n\u201d.<\/p>\n","protected":false},"excerpt":{"rendered":"<p>En Reddeportiva.net opinamos que es inaceptable la afirmaci\u00f3n que sea necesario el pronunciamiento del Poder Judicial para poder criticar a un Ministro de Estado.\u00a0 El cargo de Ministro es en esencia un puesto pol\u00edtico y es en este plano que se les debe evaluar.\u00a0 En cuanto al insulto abierto a los periodistas, as\u00ed como a [&hellip;]<\/p>\n","protected":false},"author":1,"featured_media":0,"comment_status":"closed","ping_status":"closed","sticky":false,"template":"","format":"standard","meta":{"_exactmetrics_skip_tracking":false,"_exactmetrics_sitenote_active":false,"_exactmetrics_sitenote_note":"","_exactmetrics_sitenote_category":0,"ngg_post_thumbnail":0,"footnotes":""},"categories":[36,200],"tags":[],"class_list":["post-221608","post","type-post","status-publish","format-standard","hentry","category-reddeportiva-net","category-separata-reddeportiva"],"_links":{"self":[{"href":"https:\/\/reddeportiva.net\/principal\/index.php?rest_route=\/wp\/v2\/posts\/221608","targetHints":{"allow":["GET"]}}],"collection":[{"href":"https:\/\/reddeportiva.net\/principal\/index.php?rest_route=\/wp\/v2\/posts"}],"about":[{"href":"https:\/\/reddeportiva.net\/principal\/index.php?rest_route=\/wp\/v2\/types\/post"}],"author":[{"embeddable":true,"href":"https:\/\/reddeportiva.net\/principal\/index.php?rest_route=\/wp\/v2\/users\/1"}],"replies":[{"embeddable":true,"href":"https:\/\/reddeportiva.net\/principal\/index.php?rest_route=%2Fwp%2Fv2%2Fcomments&post=221608"}],"version-history":[{"count":2,"href":"https:\/\/reddeportiva.net\/principal\/index.php?rest_route=\/wp\/v2\/posts\/221608\/revisions"}],"predecessor-version":[{"id":221613,"href":"https:\/\/reddeportiva.net\/principal\/index.php?rest_route=\/wp\/v2\/posts\/221608\/revisions\/221613"}],"wp:attachment":[{"href":"https:\/\/reddeportiva.net\/principal\/index.php?rest_route=%2Fwp%2Fv2%2Fmedia&parent=221608"}],"wp:term":[{"taxonomy":"category","embeddable":true,"href":"https:\/\/reddeportiva.net\/principal\/index.php?rest_route=%2Fwp%2Fv2%2Fcategories&post=221608"},{"taxonomy":"post_tag","embeddable":true,"href":"https:\/\/reddeportiva.net\/principal\/index.php?rest_route=%2Fwp%2Fv2%2Ftags&post=221608"}],"curies":[{"name":"wp","href":"https:\/\/api.w.org\/{rel}","templated":true}]}}