{"id":221510,"date":"2021-09-05T07:38:50","date_gmt":"2021-09-05T12:38:50","guid":{"rendered":"http:\/\/reddeportiva.net\/principal\/?p=221510"},"modified":"2021-09-05T08:48:43","modified_gmt":"2021-09-05T13:48:43","slug":"hernando-de-soto-mi-estrategia-es-concertar-con-los-comite-antisubersivos-del-pais","status":"publish","type":"post","link":"https:\/\/reddeportiva.net\/principal\/?p=221510","title":{"rendered":"Hernando de Soto: \u201cmi estrategia es concertar con los comit\u00e9 antisubersivos del pa\u00eds\u201d"},"content":{"rendered":"\n<figure class=\"wp-block-embed is-type-video is-provider-youtube wp-block-embed-youtube wp-embed-aspect-16-9 wp-has-aspect-ratio\"><div class=\"wp-block-embed__wrapper\">\n<iframe loading=\"lazy\" title=\"Hernando de Soto: \u201cmi estrategia es concertar con los comit\u00e9 antisubersivos del pa\u00eds\u201d\" width=\"625\" height=\"352\" src=\"https:\/\/www.youtube.com\/embed\/_9f7KCqAE9Q?feature=oembed\" frameborder=\"0\" allow=\"accelerometer; autoplay; clipboard-write; encrypted-media; gyroscope; picture-in-picture; web-share\" referrerpolicy=\"strict-origin-when-cross-origin\" allowfullscreen><\/iframe>\n<\/div><\/figure>\n\n\n\n<p>En los hechos, la candidatura de \u00faltima hora de Hernando de Soto dividi\u00f3 a\u00fan m\u00e1s al electorado no izquierdista, lo que permiti\u00f3 el pase de Per\u00fa Libre a la segunda vuelta.  Efectivamente, la candidatura de de Soto casi pasa a la segunda vuelta, en nuestra opini\u00f3n, con el apoyo de un electorado que en segunda vuelta votar\u00eda por Per\u00fa Libre permitiendo alcanzar el triunfo a una extrema izquierda que no tiene partidarios reales m\u00e1s all\u00e1 del 15%.  Este sector electoral, aparentemente muy voluble, est\u00e1 compuesto por lo que hemos denominado grupo clientela y bien podr\u00eda formar parte de los asistentes a las CADE o ser egresados de la PUCP.  Este giro del electorado puede ser considerado como el \u00faltimo logro de la gran prensa y una victoria p\u00edrrica digna de estudio.  En cuanto a los t\u00edtulos de propiedad en los sectores informales, no se menciona que la alianza pol\u00edtica plutocracia-caviar intencionalmente impuls\u00f3 planes con el fin de destruir el centro pol\u00edtico (impidiendo de paso la consolidaci\u00f3n de los mencionados t\u00edtulos) lo que no consigui\u00f3 teniendo a la mano a los grandes medios como la herramienta m\u00e1s importante, menos lo har\u00e1 en adelante cuando el pensamiento \u00fanico ya desapareci\u00f3.  En cuanto a los ronderos, una labor m\u00e1s funcional y decisiva en contra del terrorismo fue cumplida por los Comit\u00e9s de Autodefensa los cuales han sido ignorados por casi todos los sectores del poder pol\u00edtico por razones que bien podr\u00edan ser motivo de otro estudio.<\/p>\n","protected":false},"excerpt":{"rendered":"<p>En los hechos, la candidatura de \u00faltima hora de Hernando de Soto dividi\u00f3 a\u00fan m\u00e1s al electorado no izquierdista, lo que permiti\u00f3 el pase de Per\u00fa Libre a la segunda vuelta. Efectivamente, la candidatura de de Soto casi pasa a la segunda vuelta, en nuestra opini\u00f3n, con el apoyo de un electorado que en segunda [&hellip;]<\/p>\n","protected":false},"author":1,"featured_media":0,"comment_status":"closed","ping_status":"closed","sticky":false,"template":"","format":"standard","meta":{"_exactmetrics_skip_tracking":false,"_exactmetrics_sitenote_active":false,"_exactmetrics_sitenote_note":"","_exactmetrics_sitenote_category":0,"ngg_post_thumbnail":0,"footnotes":""},"categories":[36,200],"tags":[],"class_list":["post-221510","post","type-post","status-publish","format-standard","hentry","category-reddeportiva-net","category-separata-reddeportiva"],"_links":{"self":[{"href":"https:\/\/reddeportiva.net\/principal\/index.php?rest_route=\/wp\/v2\/posts\/221510","targetHints":{"allow":["GET"]}}],"collection":[{"href":"https:\/\/reddeportiva.net\/principal\/index.php?rest_route=\/wp\/v2\/posts"}],"about":[{"href":"https:\/\/reddeportiva.net\/principal\/index.php?rest_route=\/wp\/v2\/types\/post"}],"author":[{"embeddable":true,"href":"https:\/\/reddeportiva.net\/principal\/index.php?rest_route=\/wp\/v2\/users\/1"}],"replies":[{"embeddable":true,"href":"https:\/\/reddeportiva.net\/principal\/index.php?rest_route=%2Fwp%2Fv2%2Fcomments&post=221510"}],"version-history":[{"count":2,"href":"https:\/\/reddeportiva.net\/principal\/index.php?rest_route=\/wp\/v2\/posts\/221510\/revisions"}],"predecessor-version":[{"id":221513,"href":"https:\/\/reddeportiva.net\/principal\/index.php?rest_route=\/wp\/v2\/posts\/221510\/revisions\/221513"}],"wp:attachment":[{"href":"https:\/\/reddeportiva.net\/principal\/index.php?rest_route=%2Fwp%2Fv2%2Fmedia&parent=221510"}],"wp:term":[{"taxonomy":"category","embeddable":true,"href":"https:\/\/reddeportiva.net\/principal\/index.php?rest_route=%2Fwp%2Fv2%2Fcategories&post=221510"},{"taxonomy":"post_tag","embeddable":true,"href":"https:\/\/reddeportiva.net\/principal\/index.php?rest_route=%2Fwp%2Fv2%2Ftags&post=221510"}],"curies":[{"name":"wp","href":"https:\/\/api.w.org\/{rel}","templated":true}]}}