{"id":221507,"date":"2021-09-04T14:12:32","date_gmt":"2021-09-04T19:12:32","guid":{"rendered":"http:\/\/reddeportiva.net\/principal\/?p=221507"},"modified":"2021-09-04T17:41:37","modified_gmt":"2021-09-04T22:41:37","slug":"el-salvador-acusan-a-bukele-de-maniobra-propagandistica","status":"publish","type":"post","link":"https:\/\/reddeportiva.net\/principal\/?p=221507","title":{"rendered":"El Salvador: acusan a Bukele de maniobra propagand\u00edstica"},"content":{"rendered":"\n<figure class=\"wp-block-embed is-type-video is-provider-youtube wp-block-embed-youtube wp-embed-aspect-16-9 wp-has-aspect-ratio\"><div class=\"wp-block-embed__wrapper\">\n<iframe loading=\"lazy\" title=\"El Salvador: Bukele y su propaganda pol\u00edtica\" width=\"625\" height=\"352\" src=\"https:\/\/www.youtube.com\/embed\/bjRfis0ZFV8?feature=oembed\" frameborder=\"0\" allow=\"accelerometer; autoplay; clipboard-write; encrypted-media; gyroscope; picture-in-picture; web-share\" referrerpolicy=\"strict-origin-when-cross-origin\" allowfullscreen><\/iframe>\n<\/div><\/figure>\n\n\n\n<p>  En esta oportunidad quisi\u00e9ramos denunciar la casi nula capacidad de acci\u00f3n que muestra el Gobierno para desempe\u00f1ar las funciones de su competencia.&nbsp; Es claro que hasta la fecha el Estado peruano est\u00e1 actuando m\u00e1s por la inercia de una marcha espont\u00e1nea de la poblaci\u00f3n que por la ejecuci\u00f3n de un plan propio aprobado por el Consejo de Ministros, por m\u00e1s elemental que pudiera haber sido.&nbsp; Es claro que el verdadero plan de gobierno querido por el Poder Ejecutivo se encuentra detenido porque no encuentra las condiciones favorables para ser aceptado por la mayor\u00eda de los peruanos, en especial porque la poblaci\u00f3n ha alcanzado un alto grado de conocimiento sobre lo que significan algunas decisiones de las autoridades y las consecuencias en la econom\u00eda que necesariamente generar\u00e1n.&nbsp; En estos d\u00edas, el Gobierno ha presentado al Congreso Nacional su propuesta de Presupuesto Nacional para el a\u00f1o 2022 y lo primero que encuentra es que no hay habilidades ni recursos econ\u00f3micos y financieros para atender las solicitudes de atenci\u00f3n que les ha llegado.&nbsp; Por lo tanto, bien har\u00eda en detenerse a pensar en el c\u00f3mo optimizar sus efectos en el desarrollo social y econ\u00f3mico de los pr\u00f3ximos a\u00f1os, evitando los errores del pasado.&nbsp; Creemos que deber\u00edan priorizarse los planes de colonizaci\u00f3n que tan buenos resultados nos han dado en el pasado hist\u00f3rico.&nbsp; Adjuntamos enlaces que pueden ayudar a armar un plan coherente que consiga el apoyo de toda la ciudadan\u00eda:<\/p>\n\n\n\n<p>Colonizaciones <a href=\"https:\/\/reddeportiva.net\/principal\/?cat=1317\">https:\/\/reddeportiva.net\/principal\/?cat=1317<\/a><\/p>\n\n\n\n<p>11\/12\/2019 <a href=\"https:\/\/reddeportiva.net\/principal\/?p=142850\">https:\/\/reddeportiva.net\/principal\/?p=142850<\/a> proyectos colonizadores<\/p>\n\n\n\n<p>26\/12\/2019 <a href=\"https:\/\/reddeportiva.net\/principal\/?p=144487\">https:\/\/reddeportiva.net\/principal\/?p=144487<\/a> proyectos colonizadores<\/p>\n\n\n\n<p>10\/01\/2020 <a href=\"https:\/\/reddeportiva.net\/principal\/?p=145809\">https:\/\/reddeportiva.net\/principal\/?p=145809<\/a> proyectos colonizadores<\/p>\n\n\n\n<p>2\/07\/2021 <a href=\"https:\/\/reddeportiva.net\/principal\/?p=220343\">https:\/\/reddeportiva.net\/principal\/?p=220343<\/a> Agenda Bicentenario<\/p>\n\n\n\n<p>18\/07\/2021 <a href=\"https:\/\/reddeportiva.net\/principal\/?p=220554\">https:\/\/reddeportiva.net\/principal\/?p=220554<\/a> Agenda Bicentenario<\/p>\n\n\n\n<p>23\/07\/2021 <a href=\"https:\/\/reddeportiva.net\/principal\/?p=220668\">https:\/\/reddeportiva.net\/principal\/?p=220668<\/a> Comunicaci\u00f3n y entendimiento<\/p>\n\n\n\n<p>23\/07\/2021 <a href=\"https:\/\/reddeportiva.net\/principal\/?p=220670\">https:\/\/reddeportiva.net\/principal\/?p=220670<\/a> Comunicaci\u00f3n y entendimiento<\/p>\n\n\n\n<p>23\/07\/2021 <a href=\"https:\/\/reddeportiva.net\/principal\/?p=220686\">https:\/\/reddeportiva.net\/principal\/?p=220686<\/a> Planes de Gobierno<\/p>\n\n\n\n<p>23\/07\/2021 <a href=\"https:\/\/reddeportiva.net\/principal\/?p=220690\">https:\/\/reddeportiva.net\/principal\/?p=220690<\/a>&nbsp; Planes de Gobierno<\/p>\n\n\n\n<p>27\/07\/2021 <a href=\"https:\/\/reddeportiva.net\/principal\/?p=220715\">https:\/\/reddeportiva.net\/principal\/?p=220715<\/a>&nbsp; Desinformaci\u00f3n<\/p>\n\n\n\n<p>28\/07\/2021 <a href=\"https:\/\/reddeportiva.net\/principal\/?p=220719\">https:\/\/reddeportiva.net\/principal\/?p=220719<\/a>&nbsp; Fortalezas y Debilidades<\/p>\n\n\n\n<p>31\/07\/2021 <a href=\"https:\/\/reddeportiva.net\/principal\/?p=220744\">https:\/\/reddeportiva.net\/principal\/?p=220744<\/a>&nbsp; Objetivos Sociales<\/p>\n\n\n\n<p>2\/08\/2021&nbsp; <a href=\"https:\/\/reddeportiva.net\/principal\/?p=220797\">https:\/\/reddeportiva.net\/principal\/?p=220797<\/a> &nbsp;Objetivos Pol\u00edticos<\/p>\n\n\n\n<p>3\/08\/2021 <a href=\"https:\/\/reddeportiva.net\/principal\/?p=220839\">https:\/\/reddeportiva.net\/principal\/?p=220839<\/a>&nbsp;&nbsp; Cuesti\u00f3n de Valores y Principios<\/p>\n\n\n\n<p>11\/08\/2021 <a href=\"https:\/\/reddeportiva.net\/principal\/?p=221069\">https:\/\/reddeportiva.net\/principal\/?p=221069<\/a>&nbsp; Sembr\u00edos de coca<\/p>\n\n\n\n<p><\/p>\n","protected":false},"excerpt":{"rendered":"<p>En esta oportunidad quisi\u00e9ramos denunciar la casi nula capacidad de acci\u00f3n que muestra el Gobierno para desempe\u00f1ar las funciones de su competencia.&nbsp; Es claro que hasta la fecha el Estado peruano est\u00e1 actuando m\u00e1s por la inercia de una marcha espont\u00e1nea de la poblaci\u00f3n que por la ejecuci\u00f3n de un plan propio aprobado por el [&hellip;]<\/p>\n","protected":false},"author":1,"featured_media":0,"comment_status":"closed","ping_status":"closed","sticky":false,"template":"","format":"standard","meta":{"_exactmetrics_skip_tracking":false,"_exactmetrics_sitenote_active":false,"_exactmetrics_sitenote_note":"","_exactmetrics_sitenote_category":0,"ngg_post_thumbnail":0,"footnotes":""},"categories":[1317,36,200],"tags":[],"class_list":["post-221507","post","type-post","status-publish","format-standard","hentry","category-colonizaciones","category-reddeportiva-net","category-separata-reddeportiva"],"_links":{"self":[{"href":"https:\/\/reddeportiva.net\/principal\/index.php?rest_route=\/wp\/v2\/posts\/221507","targetHints":{"allow":["GET"]}}],"collection":[{"href":"https:\/\/reddeportiva.net\/principal\/index.php?rest_route=\/wp\/v2\/posts"}],"about":[{"href":"https:\/\/reddeportiva.net\/principal\/index.php?rest_route=\/wp\/v2\/types\/post"}],"author":[{"embeddable":true,"href":"https:\/\/reddeportiva.net\/principal\/index.php?rest_route=\/wp\/v2\/users\/1"}],"replies":[{"embeddable":true,"href":"https:\/\/reddeportiva.net\/principal\/index.php?rest_route=%2Fwp%2Fv2%2Fcomments&post=221507"}],"version-history":[{"count":2,"href":"https:\/\/reddeportiva.net\/principal\/index.php?rest_route=\/wp\/v2\/posts\/221507\/revisions"}],"predecessor-version":[{"id":221509,"href":"https:\/\/reddeportiva.net\/principal\/index.php?rest_route=\/wp\/v2\/posts\/221507\/revisions\/221509"}],"wp:attachment":[{"href":"https:\/\/reddeportiva.net\/principal\/index.php?rest_route=%2Fwp%2Fv2%2Fmedia&parent=221507"}],"wp:term":[{"taxonomy":"category","embeddable":true,"href":"https:\/\/reddeportiva.net\/principal\/index.php?rest_route=%2Fwp%2Fv2%2Fcategories&post=221507"},{"taxonomy":"post_tag","embeddable":true,"href":"https:\/\/reddeportiva.net\/principal\/index.php?rest_route=%2Fwp%2Fv2%2Ftags&post=221507"}],"curies":[{"name":"wp","href":"https:\/\/api.w.org\/{rel}","templated":true}]}}