{"id":221389,"date":"2021-08-28T11:35:48","date_gmt":"2021-08-28T16:35:48","guid":{"rendered":"http:\/\/reddeportiva.net\/principal\/?p=221389"},"modified":"2021-08-29T13:26:36","modified_gmt":"2021-08-29T18:26:36","slug":"peru-se-esperan-tiempos-de-ingobernabilidad","status":"publish","type":"post","link":"https:\/\/reddeportiva.net\/principal\/?p=221389","title":{"rendered":"Per\u00fa: se esperan tiempos de ingobernabilidad"},"content":{"rendered":"\n<figure class=\"wp-block-embed is-type-video is-provider-youtube wp-block-embed-youtube wp-embed-aspect-16-9 wp-has-aspect-ratio\"><div class=\"wp-block-embed__wrapper\">\n<iframe loading=\"lazy\" title=\"Per\u00fa: se esperan tiempos de ingobernabilidad\" width=\"625\" height=\"352\" src=\"https:\/\/www.youtube.com\/embed\/iYPS62GHkns?feature=oembed\" frameborder=\"0\" allow=\"accelerometer; autoplay; clipboard-write; encrypted-media; gyroscope; picture-in-picture; web-share\" referrerpolicy=\"strict-origin-when-cross-origin\" allowfullscreen><\/iframe>\n<\/div><\/figure>\n\n\n\n<p>En Reddeportiva.net queremos insistir en la necesidad de tener un marco te\u00f3rico  a base de modelos del comportamiento  social (modelos pol\u00edticos) que permitan dise\u00f1ar  enfoques integrales para conseguir informaci\u00f3n confiable sobre lo que realmente est\u00e1 sucediendo en un pa\u00eds cualquiera.  Desde nuestro punto de vista, el v\u00eddeo adjunto no llega a transmitir la verdadera capacidad del pa\u00eds para salir adelante.  Menos a\u00fan, datos confiables sobre qui\u00e9n tiene la sart\u00e9n del poder en sus manos.  El v\u00eddeo omite hechos importantes en la actividad pol\u00edtica peruana como el \u00abpensamiento \u00fanico\u00bb puesto en acci\u00f3n por la prensa peruana que tuviera su pico m\u00e1ximo durante el gobierno de Mart\u00edn Vizcarra quien le puso mucho empe\u00f1o con recursos del Estado.  El proceso paulatino y sistem\u00e1tico de p\u00e9rdida de la institucionalidad que alcanzara su m\u00e1xima expresi\u00f3n cuando el Tribunal Constitucional diera su conformidad a la disoluci\u00f3n del Congreso Nacional haciendo la vista gorda a un real golpe de estado.  La dr\u00e1stica ca\u00edda en la capacidad de gesti\u00f3n del Estado peruano que alcanzara logros impresionantes de reducci\u00f3n de la pobreza y de ejecuci\u00f3n de proyectos de fomento y obras p\u00fablicas durante el segundo gobierno de Alan Garc\u00eda para sumergirse en la casi inmovilidad cuando llegaron los gobiernos izquierdistas empe\u00f1ados en destruir Valores y Principios tanto democr\u00e1ticos como morales y \u00e9ticos; todo lo cual permanece oculto gracias a una muy bien montada campa\u00f1a de desinformaci\u00f3n.  Lo dicho refleja una complejidad dif\u00edcil de manejar en este tipo de notas.  Es as\u00ed como llegamos al momento de las conclusiones y responder a preguntas relativas al ejercicio del poder real en el Per\u00fa.  En los \u00faltimos 20 a\u00f1os, ha primado en la pol\u00edtica peruana un juego de alianzas que ha tenido a los grupos econ\u00f3micos m\u00e1s poderosos como el gran titiritero que aval\u00f3 en los hechos la actuaci\u00f3n de una plutocracia que puso en marcha una estrategia de explotaci\u00f3n ilegal e inmoral de explotaci\u00f3n de las riquezas nacionales con m\u00e9todos que pueden haber sorprendido a muchos por su audacia, velocidad y magnitud al descubrirse casos como el de Odebrecht.  En un primer momento, los plut\u00f3cratas se aliaron con otro grupo de profesionales partidarios del doble patr\u00f3n de conducta conocidos con el nombre de \u00abcaviares\u00bb con quienes organizaron un ataque a la sociedad peruana con la finalidad de asentar su liderazgo y preeminencia.  Este plan les oblig\u00f3 a montar un plan de captura del poder acaparando todas las riendas de la gesti\u00f3n p\u00fablica desestabilizando toda posibilidad de entendimiento, menos al sector de la izquierda partidaria de gobiernos autoritarios como los de Cuba, Venezuela y Bolivia.  Es as\u00ed como nos encontramos en el momento actual de enfrentamiento con quienes han llegado al Poder Ejecutivo casi por casualidad y m\u00e1s por descuido de los actores pol\u00edticos y los grupos econ\u00f3micos m\u00e1s poderosos del pa\u00eds que tratan de reestablecer el orden perdido debido a una crisis generada por ellos mismos al jugar con fuego, el cual se les sali\u00f3 de todo control; y, quiz\u00e1s con consecuencias preterintencionales al aparecer la pandemia debido a que la mortandad en estos casos est\u00e1 determinada por lo preparada que se encontraba la sociedad afectada al momento del inicio de aquella.<\/p>\n","protected":false},"excerpt":{"rendered":"<p>En Reddeportiva.net queremos insistir en la necesidad de tener un marco te\u00f3rico a base de modelos del comportamiento social (modelos pol\u00edticos) que permitan dise\u00f1ar enfoques integrales para conseguir informaci\u00f3n confiable sobre lo que realmente est\u00e1 sucediendo en un pa\u00eds cualquiera. Desde nuestro punto de vista, el v\u00eddeo adjunto no llega a transmitir la verdadera capacidad [&hellip;]<\/p>\n","protected":false},"author":1,"featured_media":0,"comment_status":"closed","ping_status":"closed","sticky":false,"template":"","format":"standard","meta":{"_exactmetrics_skip_tracking":false,"_exactmetrics_sitenote_active":false,"_exactmetrics_sitenote_note":"","_exactmetrics_sitenote_category":0,"ngg_post_thumbnail":0,"footnotes":""},"categories":[36,200],"tags":[],"class_list":["post-221389","post","type-post","status-publish","format-standard","hentry","category-reddeportiva-net","category-separata-reddeportiva"],"_links":{"self":[{"href":"https:\/\/reddeportiva.net\/principal\/index.php?rest_route=\/wp\/v2\/posts\/221389","targetHints":{"allow":["GET"]}}],"collection":[{"href":"https:\/\/reddeportiva.net\/principal\/index.php?rest_route=\/wp\/v2\/posts"}],"about":[{"href":"https:\/\/reddeportiva.net\/principal\/index.php?rest_route=\/wp\/v2\/types\/post"}],"author":[{"embeddable":true,"href":"https:\/\/reddeportiva.net\/principal\/index.php?rest_route=\/wp\/v2\/users\/1"}],"replies":[{"embeddable":true,"href":"https:\/\/reddeportiva.net\/principal\/index.php?rest_route=%2Fwp%2Fv2%2Fcomments&post=221389"}],"version-history":[{"count":2,"href":"https:\/\/reddeportiva.net\/principal\/index.php?rest_route=\/wp\/v2\/posts\/221389\/revisions"}],"predecessor-version":[{"id":221408,"href":"https:\/\/reddeportiva.net\/principal\/index.php?rest_route=\/wp\/v2\/posts\/221389\/revisions\/221408"}],"wp:attachment":[{"href":"https:\/\/reddeportiva.net\/principal\/index.php?rest_route=%2Fwp%2Fv2%2Fmedia&parent=221389"}],"wp:term":[{"taxonomy":"category","embeddable":true,"href":"https:\/\/reddeportiva.net\/principal\/index.php?rest_route=%2Fwp%2Fv2%2Fcategories&post=221389"},{"taxonomy":"post_tag","embeddable":true,"href":"https:\/\/reddeportiva.net\/principal\/index.php?rest_route=%2Fwp%2Fv2%2Ftags&post=221389"}],"curies":[{"name":"wp","href":"https:\/\/api.w.org\/{rel}","templated":true}]}}