{"id":221289,"date":"2021-08-20T07:11:01","date_gmt":"2021-08-20T12:11:01","guid":{"rendered":"http:\/\/reddeportiva.net\/principal\/?p=221289"},"modified":"2021-08-20T07:11:04","modified_gmt":"2021-08-20T12:11:04","slug":"peru-tiene-la-tasa-mas-alta-de-ninos-huerfanos-a-causa-de-la-pandemia","status":"publish","type":"post","link":"https:\/\/reddeportiva.net\/principal\/?p=221289","title":{"rendered":"Per\u00fa tiene la tasa m\u00e1s alta de ni\u00f1os hu\u00e9rfanos a causa de la pandemia"},"content":{"rendered":"\n<figure class=\"wp-block-embed is-type-video is-provider-youtube wp-block-embed-youtube wp-embed-aspect-16-9 wp-has-aspect-ratio\"><div class=\"wp-block-embed__wrapper\">\n<iframe loading=\"lazy\" title=\"Per\u00fa tiene la tasa m\u00e1s alta de ni\u00f1os hu\u00e9rfanos a causa de la pandemia\" width=\"625\" height=\"352\" src=\"https:\/\/www.youtube.com\/embed\/crPKZtkNhAI?feature=oembed\" frameborder=\"0\" allow=\"accelerometer; autoplay; clipboard-write; encrypted-media; gyroscope; picture-in-picture; web-share\" referrerpolicy=\"strict-origin-when-cross-origin\" allowfullscreen><\/iframe>\n<\/div><\/figure>\n\n\n\n<p>El Poder Ejecutivo tiene pendiente la reforma del Estado entre cuyos fines est\u00e1 el de organizar la funci\u00f3n de gesti\u00f3n del servicio a la comunidad cuyo objetivo sea respaldar la vida en familia.  Bien har\u00eda el Gobierno Central en distinguir entre Ministerios Rectores y los Coordinadores.  Entre estos \u00faltimos tenemos el MINCETUR al que nos hemos referido por su capacidad para generar cadenas de valor en el pasado y que las podr\u00eda volver impulsar en el nuevo gobierno con el fin asimilar el reto de ordenar y reorientar al llamado sector informal.  Lo mismo es aplicable para generar la organizaci\u00f3n de la ciudadan\u00eda en todo lo relacionado con los aspectos formativos y morales de la misma, con funciones orientadas a impulsar y optimizar la utilizaci\u00f3n de recursos actualmente dispersos como los llamados clubes del pueblo de las municipalidades, hasta la pr\u00e1ctica deportiva y las casas de refugio para los j\u00f3venes, las personas de la tercera edad o de reincorporaci\u00f3n a la sociedad.<\/p>\n","protected":false},"excerpt":{"rendered":"<p>El Poder Ejecutivo tiene pendiente la reforma del Estado entre cuyos fines est\u00e1 el de organizar la funci\u00f3n de gesti\u00f3n del servicio a la comunidad cuyo objetivo sea respaldar la vida en familia. Bien har\u00eda el Gobierno Central en distinguir entre Ministerios Rectores y los Coordinadores. Entre estos \u00faltimos tenemos el MINCETUR al que nos [&hellip;]<\/p>\n","protected":false},"author":1,"featured_media":0,"comment_status":"closed","ping_status":"closed","sticky":false,"template":"","format":"standard","meta":{"_exactmetrics_skip_tracking":false,"_exactmetrics_sitenote_active":false,"_exactmetrics_sitenote_note":"","_exactmetrics_sitenote_category":0,"ngg_post_thumbnail":0,"footnotes":""},"categories":[36,200],"tags":[],"class_list":["post-221289","post","type-post","status-publish","format-standard","hentry","category-reddeportiva-net","category-separata-reddeportiva"],"_links":{"self":[{"href":"https:\/\/reddeportiva.net\/principal\/index.php?rest_route=\/wp\/v2\/posts\/221289","targetHints":{"allow":["GET"]}}],"collection":[{"href":"https:\/\/reddeportiva.net\/principal\/index.php?rest_route=\/wp\/v2\/posts"}],"about":[{"href":"https:\/\/reddeportiva.net\/principal\/index.php?rest_route=\/wp\/v2\/types\/post"}],"author":[{"embeddable":true,"href":"https:\/\/reddeportiva.net\/principal\/index.php?rest_route=\/wp\/v2\/users\/1"}],"replies":[{"embeddable":true,"href":"https:\/\/reddeportiva.net\/principal\/index.php?rest_route=%2Fwp%2Fv2%2Fcomments&post=221289"}],"version-history":[{"count":1,"href":"https:\/\/reddeportiva.net\/principal\/index.php?rest_route=\/wp\/v2\/posts\/221289\/revisions"}],"predecessor-version":[{"id":221290,"href":"https:\/\/reddeportiva.net\/principal\/index.php?rest_route=\/wp\/v2\/posts\/221289\/revisions\/221290"}],"wp:attachment":[{"href":"https:\/\/reddeportiva.net\/principal\/index.php?rest_route=%2Fwp%2Fv2%2Fmedia&parent=221289"}],"wp:term":[{"taxonomy":"category","embeddable":true,"href":"https:\/\/reddeportiva.net\/principal\/index.php?rest_route=%2Fwp%2Fv2%2Fcategories&post=221289"},{"taxonomy":"post_tag","embeddable":true,"href":"https:\/\/reddeportiva.net\/principal\/index.php?rest_route=%2Fwp%2Fv2%2Ftags&post=221289"}],"curies":[{"name":"wp","href":"https:\/\/api.w.org\/{rel}","templated":true}]}}