{"id":221287,"date":"2021-08-20T05:32:30","date_gmt":"2021-08-20T10:32:30","guid":{"rendered":"http:\/\/reddeportiva.net\/principal\/?p=221287"},"modified":"2021-08-20T05:32:33","modified_gmt":"2021-08-20T10:32:33","slug":"ejecutivo-destruye-el-comercio-exterior","status":"publish","type":"post","link":"https:\/\/reddeportiva.net\/principal\/?p=221287","title":{"rendered":"Ejecutivo, \u00bfdestruye el comercio exterior?"},"content":{"rendered":"\n<figure class=\"wp-block-embed is-type-video is-provider-youtube wp-block-embed-youtube wp-embed-aspect-16-9 wp-has-aspect-ratio\"><div class=\"wp-block-embed__wrapper\">\n<iframe loading=\"lazy\" title=\"Ejecutivo, \u00bfdestruye el comercio exterior?\" width=\"625\" height=\"352\" src=\"https:\/\/www.youtube.com\/embed\/Hfc3bIoiE70?feature=oembed\" frameborder=\"0\" allow=\"accelerometer; autoplay; clipboard-write; encrypted-media; gyroscope; picture-in-picture; web-share\" referrerpolicy=\"strict-origin-when-cross-origin\" allowfullscreen><\/iframe>\n<\/div><\/figure>\n\n\n\n<p>En Reddeportiva.net hemos opinado en favor de que el gobierno ponga la mira en la generaci\u00f3n de nuevas cadenas de valor orientadas tanto al mercado nacional como al internacional.  En ese sentido, el MINCETUR puede convertirse en la efectiva herramienta que le hace falta al actual gobierno para coordinar la renovaci\u00f3n y el robustecimiento de un amplio sector relativamente nuevo e innovador de la econom\u00eda peruana, por su capacidad para repetir los logros alcanzados durante su corta vida institucional si lo comparamos otros ministerios de corte m\u00e1s tradicional a los cuales les resultar\u00eda dif\u00edcil asumir las funciones requeridas por el impulso del esp\u00edritu emprendedor de las nuevas generaciones de peruanos.<\/p>\n","protected":false},"excerpt":{"rendered":"<p>En Reddeportiva.net hemos opinado en favor de que el gobierno ponga la mira en la generaci\u00f3n de nuevas cadenas de valor orientadas tanto al mercado nacional como al internacional. En ese sentido, el MINCETUR puede convertirse en la efectiva herramienta que le hace falta al actual gobierno para coordinar la renovaci\u00f3n y el robustecimiento de [&hellip;]<\/p>\n","protected":false},"author":1,"featured_media":0,"comment_status":"closed","ping_status":"closed","sticky":false,"template":"","format":"standard","meta":{"_exactmetrics_skip_tracking":false,"_exactmetrics_sitenote_active":false,"_exactmetrics_sitenote_note":"","_exactmetrics_sitenote_category":0,"ngg_post_thumbnail":0,"footnotes":""},"categories":[36,200],"tags":[],"class_list":["post-221287","post","type-post","status-publish","format-standard","hentry","category-reddeportiva-net","category-separata-reddeportiva"],"_links":{"self":[{"href":"https:\/\/reddeportiva.net\/principal\/index.php?rest_route=\/wp\/v2\/posts\/221287","targetHints":{"allow":["GET"]}}],"collection":[{"href":"https:\/\/reddeportiva.net\/principal\/index.php?rest_route=\/wp\/v2\/posts"}],"about":[{"href":"https:\/\/reddeportiva.net\/principal\/index.php?rest_route=\/wp\/v2\/types\/post"}],"author":[{"embeddable":true,"href":"https:\/\/reddeportiva.net\/principal\/index.php?rest_route=\/wp\/v2\/users\/1"}],"replies":[{"embeddable":true,"href":"https:\/\/reddeportiva.net\/principal\/index.php?rest_route=%2Fwp%2Fv2%2Fcomments&post=221287"}],"version-history":[{"count":1,"href":"https:\/\/reddeportiva.net\/principal\/index.php?rest_route=\/wp\/v2\/posts\/221287\/revisions"}],"predecessor-version":[{"id":221288,"href":"https:\/\/reddeportiva.net\/principal\/index.php?rest_route=\/wp\/v2\/posts\/221287\/revisions\/221288"}],"wp:attachment":[{"href":"https:\/\/reddeportiva.net\/principal\/index.php?rest_route=%2Fwp%2Fv2%2Fmedia&parent=221287"}],"wp:term":[{"taxonomy":"category","embeddable":true,"href":"https:\/\/reddeportiva.net\/principal\/index.php?rest_route=%2Fwp%2Fv2%2Fcategories&post=221287"},{"taxonomy":"post_tag","embeddable":true,"href":"https:\/\/reddeportiva.net\/principal\/index.php?rest_route=%2Fwp%2Fv2%2Ftags&post=221287"}],"curies":[{"name":"wp","href":"https:\/\/api.w.org\/{rel}","templated":true}]}}