{"id":221255,"date":"2021-08-19T12:59:51","date_gmt":"2021-08-19T17:59:51","guid":{"rendered":"http:\/\/reddeportiva.net\/principal\/?p=221255"},"modified":"2021-08-19T14:04:16","modified_gmt":"2021-08-19T19:04:16","slug":"phillip-butters-sobre-la-crisis-en-el-peru-es-un-comentarista-no-da-soluciones-pbo","status":"publish","type":"post","link":"https:\/\/reddeportiva.net\/principal\/?p=221255","title":{"rendered":"Phillip Butters sobre la crisis en el Per\u00fa: Es un comentarista, no da soluciones | PBO"},"content":{"rendered":"\n<figure class=\"wp-block-embed is-type-video is-provider-youtube wp-block-embed-youtube wp-embed-aspect-16-9 wp-has-aspect-ratio\"><div class=\"wp-block-embed__wrapper\">\n<iframe loading=\"lazy\" title=\"Phillip Butters sobre la crisis en el Per\u00fa: Es un comentarista, no da soluciones | PBO\" width=\"625\" height=\"352\" src=\"https:\/\/www.youtube.com\/embed\/nRvLsqsp4mc?feature=oembed\" frameborder=\"0\" allow=\"accelerometer; autoplay; clipboard-write; encrypted-media; gyroscope; picture-in-picture; web-share\" referrerpolicy=\"strict-origin-when-cross-origin\" allowfullscreen><\/iframe>\n<\/div><\/figure>\n\n\n\n<p>Al parecer la controversia se est\u00e1 presentando a nivel del Primer Ministro quien deber\u00e1 poner en marcha planes que combinen objetivos de reactivaci\u00f3n econ\u00f3mica; la protecci\u00f3n de la ciudadan\u00eda mediante cercos epidemiol\u00f3gicos; la concentraci\u00f3n del apoyo social para reducir la necesidad de traslados de la poblaci\u00f3n; la optimizaci\u00f3n de los recursos econ\u00f3micos con el fin de crear fuentes de trabajo temporal como la habilitaci\u00f3n de escuelas, postas m\u00e9dicas, agua potable comunal, pistas y veredas, reservorios, as\u00ed como la organizaci\u00f3n de voluntariados tanto citadinos como rurales.  Los planes tambi\u00e9n deber\u00e1n contemplar el impulso de nuevas cadenas de valor orientadas a reducir los niveles de informalidad de la econom\u00eda nacional para lo que pueden recurrir al apoyo de empresas ya establecidas que podr\u00edan poner en marcha nuevas habilidades y vincularlas a la utilizaci\u00f3n tanto de capacidades digitales como recursos materiales y de infraestructura que permanezcan ociosos. <\/p>\n","protected":false},"excerpt":{"rendered":"<p>Al parecer la controversia se est\u00e1 presentando a nivel del Primer Ministro quien deber\u00e1 poner en marcha planes que combinen objetivos de reactivaci\u00f3n econ\u00f3mica; la protecci\u00f3n de la ciudadan\u00eda mediante cercos epidemiol\u00f3gicos; la concentraci\u00f3n del apoyo social para reducir la necesidad de traslados de la poblaci\u00f3n; la optimizaci\u00f3n de los recursos econ\u00f3micos con el fin [&hellip;]<\/p>\n","protected":false},"author":1,"featured_media":0,"comment_status":"closed","ping_status":"closed","sticky":false,"template":"","format":"standard","meta":{"_exactmetrics_skip_tracking":false,"_exactmetrics_sitenote_active":false,"_exactmetrics_sitenote_note":"","_exactmetrics_sitenote_category":0,"ngg_post_thumbnail":0,"footnotes":""},"categories":[36,200],"tags":[],"class_list":["post-221255","post","type-post","status-publish","format-standard","hentry","category-reddeportiva-net","category-separata-reddeportiva"],"_links":{"self":[{"href":"https:\/\/reddeportiva.net\/principal\/index.php?rest_route=\/wp\/v2\/posts\/221255","targetHints":{"allow":["GET"]}}],"collection":[{"href":"https:\/\/reddeportiva.net\/principal\/index.php?rest_route=\/wp\/v2\/posts"}],"about":[{"href":"https:\/\/reddeportiva.net\/principal\/index.php?rest_route=\/wp\/v2\/types\/post"}],"author":[{"embeddable":true,"href":"https:\/\/reddeportiva.net\/principal\/index.php?rest_route=\/wp\/v2\/users\/1"}],"replies":[{"embeddable":true,"href":"https:\/\/reddeportiva.net\/principal\/index.php?rest_route=%2Fwp%2Fv2%2Fcomments&post=221255"}],"version-history":[{"count":2,"href":"https:\/\/reddeportiva.net\/principal\/index.php?rest_route=\/wp\/v2\/posts\/221255\/revisions"}],"predecessor-version":[{"id":221258,"href":"https:\/\/reddeportiva.net\/principal\/index.php?rest_route=\/wp\/v2\/posts\/221255\/revisions\/221258"}],"wp:attachment":[{"href":"https:\/\/reddeportiva.net\/principal\/index.php?rest_route=%2Fwp%2Fv2%2Fmedia&parent=221255"}],"wp:term":[{"taxonomy":"category","embeddable":true,"href":"https:\/\/reddeportiva.net\/principal\/index.php?rest_route=%2Fwp%2Fv2%2Fcategories&post=221255"},{"taxonomy":"post_tag","embeddable":true,"href":"https:\/\/reddeportiva.net\/principal\/index.php?rest_route=%2Fwp%2Fv2%2Ftags&post=221255"}],"curies":[{"name":"wp","href":"https:\/\/api.w.org\/{rel}","templated":true}]}}