{"id":221159,"date":"2021-08-16T08:12:14","date_gmt":"2021-08-16T13:12:14","guid":{"rendered":"http:\/\/reddeportiva.net\/principal\/?p=221159"},"modified":"2021-08-16T08:12:17","modified_gmt":"2021-08-16T13:12:17","slug":"mensaje-del-gobierno-de-castillo-para-la-prensacomo-se-debe-hacer-cobertura-segun-los-ministros","status":"publish","type":"post","link":"https:\/\/reddeportiva.net\/principal\/?p=221159","title":{"rendered":"Mensaje del Gobierno de Castillo para la prensa:\u00bfC\u00f3mo se debe hacer cobertura seg\u00fan los ministros?"},"content":{"rendered":"\n<figure class=\"wp-block-embed is-type-video is-provider-youtube wp-block-embed-youtube wp-embed-aspect-4-3 wp-has-aspect-ratio\"><div class=\"wp-block-embed__wrapper\">\n<iframe loading=\"lazy\" title=\"Mensaje del Gobierno de Castillo para la prensa:\u00bfC\u00f3mo se debe hacer cobertura seg\u00fan los ministros?\" width=\"625\" height=\"469\" src=\"https:\/\/www.youtube.com\/embed\/PsJROTIgOXI?feature=oembed\" frameborder=\"0\" allow=\"accelerometer; autoplay; clipboard-write; encrypted-media; gyroscope; picture-in-picture; web-share\" referrerpolicy=\"strict-origin-when-cross-origin\" allowfullscreen><\/iframe>\n<\/div><\/figure>\n\n\n\n<p>El gobierno peruano reci\u00e9n inicia su periodo presidencial con un muy corto periodo para organizarse.\u00a0 En primer lugar, es evidente que nadie en el pa\u00eds pens\u00f3 que la izquierda llegar\u00eda al gobierno con el pleno control de las riendas de la administraci\u00f3n en sus manos y con las actuales reglas de la Constituci\u00f3n lo que significa concentrar una gran cantidad de poder porque se trata de un r\u00e9gimen claramente presidencialista.\u00a0 En segundo lugar, tanto el Presidente como los hombres del Presidente tienen una extracci\u00f3n que por lo general los lleva a actuar sin darse cuenta que una cosa es lo que piensan, otra la que dicen y otra la que llega al p\u00fablico; y entre el p\u00fablico, cada sector entiende el mensaje a su manera.\u00a0 Lo novedoso para los nuevos gobernantes ser\u00e1 la potencia de sus decisiones en un pa\u00eds como el nuestro en que la institucionalidad ha sido fuertemente atacada por lo que la predictibilidad no existe y menos pol\u00edticas que orienten la forma de actuar de los subordinados.\u00a0 En tercer lugar, la prensa en los \u00faltimos tiempos asumi\u00f3 un rol c\u00f3mplice de quienes pusieron en marcha un plan de dominaci\u00f3n en contra de la sociedad peruana; este empe\u00f1o fue acompa\u00f1ado por una clientela mayoritariamente caviar quienes se mostraron con mucha maestr\u00eda en la creaci\u00f3n de narrativas con las que todo quedaba arreglado como si la magia existiera; distorsionando el significado de la palabra \u00abgobernar\u00bb que en gran medida significa un manejo muy especializado de los recursos humanos, los cuales en nuestro pa\u00eds son especialmente escasos en el alto nivel.\u00a0 Se puede decir mucho m\u00e1s; por lo que cerramos la nota afirmando que el gobierno se encuentra en la urgencia de mostrarse prudente, en especial con el tema del pedido de confianza y el supuesto plan de precipitar una Constituci\u00f3n de car\u00e1cter corporativo el cual podr\u00eda concentrarse en el \u00e1mbito del Congreso Nacional para que se negocie una propuesta de Proyecto de Nueva Constituci\u00f3n y determinar si es necesario una Asamblea Constituyente o no; aliviando las tensiones del Poder Ejecutivo y las de la econom\u00eda nacional tambi\u00e9n.<\/p>\n","protected":false},"excerpt":{"rendered":"<p>El gobierno peruano reci\u00e9n inicia su periodo presidencial con un muy corto periodo para organizarse.\u00a0 En primer lugar, es evidente que nadie en el pa\u00eds pens\u00f3 que la izquierda llegar\u00eda al gobierno con el pleno control de las riendas de la administraci\u00f3n en sus manos y con las actuales reglas de la Constituci\u00f3n lo que [&hellip;]<\/p>\n","protected":false},"author":1,"featured_media":0,"comment_status":"closed","ping_status":"closed","sticky":false,"template":"","format":"standard","meta":{"_exactmetrics_skip_tracking":false,"_exactmetrics_sitenote_active":false,"_exactmetrics_sitenote_note":"","_exactmetrics_sitenote_category":0,"ngg_post_thumbnail":0,"footnotes":""},"categories":[36,200],"tags":[],"class_list":["post-221159","post","type-post","status-publish","format-standard","hentry","category-reddeportiva-net","category-separata-reddeportiva"],"_links":{"self":[{"href":"https:\/\/reddeportiva.net\/principal\/index.php?rest_route=\/wp\/v2\/posts\/221159","targetHints":{"allow":["GET"]}}],"collection":[{"href":"https:\/\/reddeportiva.net\/principal\/index.php?rest_route=\/wp\/v2\/posts"}],"about":[{"href":"https:\/\/reddeportiva.net\/principal\/index.php?rest_route=\/wp\/v2\/types\/post"}],"author":[{"embeddable":true,"href":"https:\/\/reddeportiva.net\/principal\/index.php?rest_route=\/wp\/v2\/users\/1"}],"replies":[{"embeddable":true,"href":"https:\/\/reddeportiva.net\/principal\/index.php?rest_route=%2Fwp%2Fv2%2Fcomments&post=221159"}],"version-history":[{"count":1,"href":"https:\/\/reddeportiva.net\/principal\/index.php?rest_route=\/wp\/v2\/posts\/221159\/revisions"}],"predecessor-version":[{"id":221160,"href":"https:\/\/reddeportiva.net\/principal\/index.php?rest_route=\/wp\/v2\/posts\/221159\/revisions\/221160"}],"wp:attachment":[{"href":"https:\/\/reddeportiva.net\/principal\/index.php?rest_route=%2Fwp%2Fv2%2Fmedia&parent=221159"}],"wp:term":[{"taxonomy":"category","embeddable":true,"href":"https:\/\/reddeportiva.net\/principal\/index.php?rest_route=%2Fwp%2Fv2%2Fcategories&post=221159"},{"taxonomy":"post_tag","embeddable":true,"href":"https:\/\/reddeportiva.net\/principal\/index.php?rest_route=%2Fwp%2Fv2%2Ftags&post=221159"}],"curies":[{"name":"wp","href":"https:\/\/api.w.org\/{rel}","templated":true}]}}