{"id":220668,"date":"2021-07-23T09:25:31","date_gmt":"2021-07-23T14:25:31","guid":{"rendered":"http:\/\/reddeportiva.net\/principal\/?p=220668"},"modified":"2021-07-23T12:09:49","modified_gmt":"2021-07-23T17:09:49","slug":"milagros-leiva-entrevista-jul-22-2-3-willax","status":"publish","type":"post","link":"https:\/\/reddeportiva.net\/principal\/?p=220668","title":{"rendered":"Milagros Leiva Entrevista &#8211; JUL 22 &#8211; 2\/3 | Willax"},"content":{"rendered":"\n<figure class=\"wp-block-embed is-type-video is-provider-youtube wp-block-embed-youtube wp-embed-aspect-16-9 wp-has-aspect-ratio\"><div class=\"wp-block-embed__wrapper\">\n<iframe loading=\"lazy\" title=\"Milagros Leiva Entrevista - JUL 22 - 2\/3 | Willax\" width=\"625\" height=\"352\" src=\"https:\/\/www.youtube.com\/embed\/JYrlFeZ_vGY?feature=oembed\" frameborder=\"0\" allow=\"accelerometer; autoplay; clipboard-write; encrypted-media; gyroscope; picture-in-picture; web-share\" referrerpolicy=\"strict-origin-when-cross-origin\" allowfullscreen><\/iframe>\n<\/div><\/figure>\n\n\n\n<p>En Reddeportiva.net opinamos que la gran mayor\u00eda de los pol\u00edticos peruanos, en el mejor de los casos, no est\u00e1 consciente de las correcciones que se deben introducir al lenguaje para hablar con la precisi\u00f3n exigida por la ciudadan\u00eda, en especial cuando luego de terminado el proceso electoral, se supone que estamos buscando ser lo m\u00e1s did\u00e1cticos posible.  La alianza pol\u00edtica plut\u00f3crata-caviar, que usufructu\u00f3 del poder entre los a\u00f1os 2000 hasta la fecha, cambi\u00f3 el contenido de muchas palabras de uso com\u00fan en su campa\u00f1a por desinformar a la opini\u00f3n p\u00fablica.  Esta situaci\u00f3n obliga a toda persona que se dirija al p\u00fablico a ponerlo en alerta sobre este punto para que la sociedad pueda ganar en el terreno del entendimiento mutuo dejando claras las diferencias, cuando de lo que cada quien quiere decir se trata.  El hecho que los medios no hayan reconocido el haber cumplido dicho rol, no solo agudiza su desprestigio sino tambi\u00e9n retrasa la superaci\u00f3n de los problemas de comunicaci\u00f3n social y mutuo entendimiento en nuestro pa\u00eds.  El problema se agrava cuando los pol\u00edticos contin\u00faan practicando el doble patr\u00f3n de conducta aprovechando la ocasi\u00f3n para echar lodo al contrario ausente, cuando todos esperan acercamientos en l\u00ednea con los deseos de unidad nacional expresados a todo nivel.  El colmo llega cuando los medios acuden al autobombo haciendo recordar la frase \u00abdime de qu\u00e9 te vanaglorias y te dir\u00e9 de lo que adoleces\u00bb.<\/p>\n","protected":false},"excerpt":{"rendered":"<p>En Reddeportiva.net opinamos que la gran mayor\u00eda de los pol\u00edticos peruanos, en el mejor de los casos, no est\u00e1 consciente de las correcciones que se deben introducir al lenguaje para hablar con la precisi\u00f3n exigida por la ciudadan\u00eda, en especial cuando luego de terminado el proceso electoral, se supone que estamos buscando ser lo m\u00e1s [&hellip;]<\/p>\n","protected":false},"author":1,"featured_media":0,"comment_status":"closed","ping_status":"closed","sticky":false,"template":"","format":"standard","meta":{"_exactmetrics_skip_tracking":false,"_exactmetrics_sitenote_active":false,"_exactmetrics_sitenote_note":"","_exactmetrics_sitenote_category":0,"ngg_post_thumbnail":0,"footnotes":""},"categories":[36,200],"tags":[],"class_list":["post-220668","post","type-post","status-publish","format-standard","hentry","category-reddeportiva-net","category-separata-reddeportiva"],"_links":{"self":[{"href":"https:\/\/reddeportiva.net\/principal\/index.php?rest_route=\/wp\/v2\/posts\/220668","targetHints":{"allow":["GET"]}}],"collection":[{"href":"https:\/\/reddeportiva.net\/principal\/index.php?rest_route=\/wp\/v2\/posts"}],"about":[{"href":"https:\/\/reddeportiva.net\/principal\/index.php?rest_route=\/wp\/v2\/types\/post"}],"author":[{"embeddable":true,"href":"https:\/\/reddeportiva.net\/principal\/index.php?rest_route=\/wp\/v2\/users\/1"}],"replies":[{"embeddable":true,"href":"https:\/\/reddeportiva.net\/principal\/index.php?rest_route=%2Fwp%2Fv2%2Fcomments&post=220668"}],"version-history":[{"count":2,"href":"https:\/\/reddeportiva.net\/principal\/index.php?rest_route=\/wp\/v2\/posts\/220668\/revisions"}],"predecessor-version":[{"id":220672,"href":"https:\/\/reddeportiva.net\/principal\/index.php?rest_route=\/wp\/v2\/posts\/220668\/revisions\/220672"}],"wp:attachment":[{"href":"https:\/\/reddeportiva.net\/principal\/index.php?rest_route=%2Fwp%2Fv2%2Fmedia&parent=220668"}],"wp:term":[{"taxonomy":"category","embeddable":true,"href":"https:\/\/reddeportiva.net\/principal\/index.php?rest_route=%2Fwp%2Fv2%2Fcategories&post=220668"},{"taxonomy":"post_tag","embeddable":true,"href":"https:\/\/reddeportiva.net\/principal\/index.php?rest_route=%2Fwp%2Fv2%2Ftags&post=220668"}],"curies":[{"name":"wp","href":"https:\/\/api.w.org\/{rel}","templated":true}]}}